{"id":1145,"date":"2017-10-26T14:38:14","date_gmt":"2017-10-26T12:38:14","guid":{"rendered":"https:\/\/www.residenciajoviar.com\/100-anys-dolores-escalona\/"},"modified":"2017-10-26T14:38:14","modified_gmt":"2017-10-26T12:38:14","slug":"100-anys-dolores-escalona","status":"publish","type":"post","link":"https:\/\/www.residenciajoviar.com\/es\/100-anys-dolores-escalona\/","title":{"rendered":"100 anys Dolores Escalona"},"content":{"rendered":"<p>Avui hem gaudit d&#8217;una festa d&#8217;aniversari molt especial. La nostra usu\u00e0ria Dolores Escalona ha fet 100 anys. Entre tots hem intentat que sigui la gran protagonista de la tarda!!!&#8230;. Agrair als membres de la Fundaci\u00f3 Adesmas per acompanyar-nos durant la celebraci\u00f3, per l&#8217;entrega de la medalla centenaria a Dolores i pel seu acompanyament en la vida de la nostra usu\u00e0ria com a fundaci\u00f3 tutelar.<\/p>\n<p>Per veure fotos cliqueu <a href=\"https:\/\/photos.app.goo.gl\/kFhdtbRLlRNum1kF3\" target=\"_blank\" rel=\"noopener\">aqu\u00ed<\/a><\/p>\n<p>Per veure v\u00eddeo cliqueu <a href=\"https:\/\/www.youtube.com\/watch?v=gBbBQyNY_EY&amp;t=8s\" target=\"_blank\" rel=\"noopener\">aqu\u00ed<\/a><\/p>\n<p>Volem compartir amb tots vosaltres les paraules que la nostra companya (auxiliar d&#8217;infermeria) i escriptora LAURA CAMPOS li va dedicar en l&#8217;acte:<\/p>\n<blockquote><p>A medida que los a\u00f1os pasan y vamos sumando experiencias nos damos cuenta de detalles que antes nos parec\u00edan insignificantes. Yo, al igual que muchos de los que estamos aqu\u00ed, ya me he dado cuenta de ello, pero estas palabras no son para m\u00ed, ni para la juventud, sino para la experiencia. Qui\u00e9n mejor para ello que alguien que ha llegado a los 100 a\u00f1os.<\/p>\n<p>Dolores Escalona, que es hoy la protagonista, naci\u00f3 un 5 de octubre de 1917, en Fuensanta de Martos. Pese a ello, en su DNI consta que es dos a\u00f1os menor. Eso y el hecho de que se halle tan lejos de su hogar natal, no es sino m\u00e1s indicativo de que la vida, y m\u00e1s una con tan largo recorrido, guarda muchos misterios.<\/p>\n<p>Su vida no habr\u00e1 sido f\u00e1cil, aunque no entrar\u00e9 en detalles, pues todos, en alg\u00fan momento tenemos que lidiar con dificultades. Pese a ello a m\u00ed, como imagino a muchos de mis compa\u00f1eros, me gustar\u00eda imaginar a nuestros residentes a nuestra misma edad; a veces incluso me pregunto si yo hubiera sido capaz de hacer todo lo que ellos han hecho, puesto que la \u00e9poca era mucho m\u00e1s dif\u00edcil que en nuestros tiempos. Con Dolores, gracias a su edad, se puede aprender de su experiencia de vida, pues si algo s\u00e9 c\u00f3mo auxiliar, es que poco a poco nos va cambiando el concepto de vida al conocer un poco m\u00e1s a nuestros mayores. Nos hace crecer como personas, ser un poco m\u00e1s humanos, entender algunas coses que, de no prestar atenci\u00f3n, nos pasar\u00edan desapercibidas.<\/p>\n<p>Llegados a este punto, podr\u00eda agradecer a todo el personal de Joviar que dedicamos algo de nuestro tiempo a Dolores o a la fundaci\u00f3n encargada de ella, todo el cuidado que le brindamos, pero creo que no es momento para eso pues, como hemos visto, el verdadero agradecimiento es para ella. Por los grandes momentos que nos regala, los retazos de su vida que nos narra y su ejemplo de superaci\u00f3n que nos aporta valores de sabidur\u00eda, fortaleza y saber estar.<\/p>\n<p>As\u00ed que solo me queda dar las gracias una vez m\u00e1s y felicitar, finalmente, a Dolores, por sus 100 a\u00f1os.<\/p>\n<p>Laura Campos<\/p>\n<p>Auxiliar de Enfermeria<\/p>\n<p>JOVIAR<\/p>\n<p>&nbsp;<\/p>\n<p>&nbsp;<\/p>\n<p>&nbsp;<\/p>\n<p>&nbsp;<\/p><\/blockquote>\n<p>&nbsp;<\/p>\n<p>&nbsp;<\/p>\n","protected":false},"excerpt":{"rendered":"<p>Avui hem gaudit d&#8217;una festa d&#8217;aniversari molt especial. La nostra usu\u00e0ria Dolores Escalona ha fet 100 anys. Entre tots hem intentat que sigui la gran protagonista de la tarda!!!&#8230;. Agrair als membres de la Fundaci\u00f3 Adesmas per acompanyar-nos durant la celebraci\u00f3, per l&#8217;entrega de la medalla centenaria a Dolores i pel seu acompanyament en la [&hellip;]<\/p>\n","protected":false},"author":2,"featured_media":1069,"comment_status":"closed","ping_status":"closed","sticky":false,"template":"","format":"standard","meta":{"_acf_changed":false,"_et_pb_use_builder":"","_et_pb_old_content":"","_et_gb_content_width":"","footnotes":""},"categories":[85],"tags":[],"class_list":["post-1145","post","type-post","status-publish","format-standard","has-post-thumbnail","hentry","category-noticias"],"acf":[],"yoast_head":"<!-- This site is optimized with the Yoast SEO plugin v27.5 - https:\/\/yoast.com\/product\/yoast-seo-wordpress\/ -->\n<title>100 anys Dolores Escalona - RESID\u00c8NCIA JOVIAR - Centre lliure de contencions<\/title>\n<meta name=\"robots\" content=\"index, follow, max-snippet:-1, max-image-preview:large, max-video-preview:-1\" \/>\n<link rel=\"canonical\" href=\"https:\/\/www.residenciajoviar.com\/es\/100-anys-dolores-escalona\/\" \/>\n<meta property=\"og:locale\" content=\"es_ES\" \/>\n<meta property=\"og:type\" content=\"article\" \/>\n<meta property=\"og:title\" content=\"100 anys Dolores Escalona - RESID\u00c8NCIA JOVIAR - Centre lliure de contencions\" \/>\n<meta property=\"og:description\" content=\"Avui hem gaudit d&#8217;una festa d&#8217;aniversari molt especial. La nostra usu\u00e0ria Dolores Escalona ha fet 100 anys. Entre tots hem intentat que sigui la gran protagonista de la tarda!!!&#8230;. Agrair als membres de la Fundaci\u00f3 Adesmas per acompanyar-nos durant la celebraci\u00f3, per l&#8217;entrega de la medalla centenaria a Dolores i pel seu acompanyament en la [&hellip;]\" \/>\n<meta property=\"og:url\" content=\"https:\/\/www.residenciajoviar.com\/es\/100-anys-dolores-escalona\/\" \/>\n<meta property=\"og:site_name\" content=\"RESID\u00c8NCIA JOVIAR - Centre lliure de contencions\" \/>\n<meta property=\"article:publisher\" content=\"https:\/\/www.facebook.com\/residenciajoviar\/\" \/>\n<meta property=\"article:published_time\" content=\"2017-10-26T12:38:14+00:00\" \/>\n<meta property=\"og:image\" content=\"https:\/\/www.residenciajoviar.com\/wp-content\/uploads\/DSC_0352bis-1024x683.jpg\" \/>\n\t<meta property=\"og:image:width\" content=\"1024\" \/>\n\t<meta property=\"og:image:height\" content=\"683\" \/>\n\t<meta property=\"og:image:type\" content=\"image\/jpeg\" \/>\n<meta name=\"author\" content=\"joviar\" \/>\n<meta name=\"twitter:card\" content=\"summary_large_image\" \/>\n<meta name=\"twitter:creator\" content=\"@JoviarLleida\" \/>\n<meta name=\"twitter:site\" content=\"@JoviarLleida\" \/>\n<meta name=\"twitter:label1\" content=\"Escrito por\" \/>\n\t<meta name=\"twitter:data1\" content=\"joviar\" \/>\n\t<meta name=\"twitter:label2\" content=\"Tiempo de lectura\" \/>\n\t<meta name=\"twitter:data2\" content=\"2 minutos\" \/>\n<script type=\"application\/ld+json\" class=\"yoast-schema-graph\">{\"@context\":\"https:\\\/\\\/schema.org\",\"@graph\":[{\"@type\":\"Article\",\"@id\":\"https:\\\/\\\/www.residenciajoviar.com\\\/es\\\/100-anys-dolores-escalona\\\/#article\",\"isPartOf\":{\"@id\":\"https:\\\/\\\/www.residenciajoviar.com\\\/es\\\/100-anys-dolores-escalona\\\/\"},\"author\":{\"name\":\"joviar\",\"@id\":\"https:\\\/\\\/www.residenciajoviar.com\\\/#\\\/schema\\\/person\\\/924a71fa2a3d57e4b46891a48f2d22a9\"},\"headline\":\"100 anys Dolores Escalona\",\"datePublished\":\"2017-10-26T12:38:14+00:00\",\"mainEntityOfPage\":{\"@id\":\"https:\\\/\\\/www.residenciajoviar.com\\\/es\\\/100-anys-dolores-escalona\\\/\"},\"wordCount\":501,\"image\":{\"@id\":\"https:\\\/\\\/www.residenciajoviar.com\\\/es\\\/100-anys-dolores-escalona\\\/#primaryimage\"},\"thumbnailUrl\":\"https:\\\/\\\/www.residenciajoviar.com\\\/wp-content\\\/uploads\\\/DSC_0352bis.jpg\",\"articleSection\":[\"Noticias\"],\"inLanguage\":\"es\"},{\"@type\":\"WebPage\",\"@id\":\"https:\\\/\\\/www.residenciajoviar.com\\\/es\\\/100-anys-dolores-escalona\\\/\",\"url\":\"https:\\\/\\\/www.residenciajoviar.com\\\/es\\\/100-anys-dolores-escalona\\\/\",\"name\":\"100 anys Dolores Escalona - RESID\u00c8NCIA JOVIAR - Centre lliure de contencions\",\"isPartOf\":{\"@id\":\"https:\\\/\\\/www.residenciajoviar.com\\\/#website\"},\"primaryImageOfPage\":{\"@id\":\"https:\\\/\\\/www.residenciajoviar.com\\\/es\\\/100-anys-dolores-escalona\\\/#primaryimage\"},\"image\":{\"@id\":\"https:\\\/\\\/www.residenciajoviar.com\\\/es\\\/100-anys-dolores-escalona\\\/#primaryimage\"},\"thumbnailUrl\":\"https:\\\/\\\/www.residenciajoviar.com\\\/wp-content\\\/uploads\\\/DSC_0352bis.jpg\",\"datePublished\":\"2017-10-26T12:38:14+00:00\",\"author\":{\"@id\":\"https:\\\/\\\/www.residenciajoviar.com\\\/#\\\/schema\\\/person\\\/924a71fa2a3d57e4b46891a48f2d22a9\"},\"breadcrumb\":{\"@id\":\"https:\\\/\\\/www.residenciajoviar.com\\\/es\\\/100-anys-dolores-escalona\\\/#breadcrumb\"},\"inLanguage\":\"es\",\"potentialAction\":[{\"@type\":\"ReadAction\",\"target\":[\"https:\\\/\\\/www.residenciajoviar.com\\\/es\\\/100-anys-dolores-escalona\\\/\"]}]},{\"@type\":\"ImageObject\",\"inLanguage\":\"es\",\"@id\":\"https:\\\/\\\/www.residenciajoviar.com\\\/es\\\/100-anys-dolores-escalona\\\/#primaryimage\",\"url\":\"https:\\\/\\\/www.residenciajoviar.com\\\/wp-content\\\/uploads\\\/DSC_0352bis.jpg\",\"contentUrl\":\"https:\\\/\\\/www.residenciajoviar.com\\\/wp-content\\\/uploads\\\/DSC_0352bis.jpg\",\"width\":6000,\"height\":4000},{\"@type\":\"BreadcrumbList\",\"@id\":\"https:\\\/\\\/www.residenciajoviar.com\\\/es\\\/100-anys-dolores-escalona\\\/#breadcrumb\",\"itemListElement\":[{\"@type\":\"ListItem\",\"position\":1,\"name\":\"Inici\",\"item\":\"https:\\\/\\\/www.residenciajoviar.com\\\/es\\\/\"},{\"@type\":\"ListItem\",\"position\":2,\"name\":\"100 anys Dolores Escalona\"}]},{\"@type\":\"WebSite\",\"@id\":\"https:\\\/\\\/www.residenciajoviar.com\\\/#website\",\"url\":\"https:\\\/\\\/www.residenciajoviar.com\\\/\",\"name\":\"RESID\u00c8NCIA JOVIAR - Centre lliure de contencions\",\"description\":\"Centre lliure de contencions\",\"potentialAction\":[{\"@type\":\"SearchAction\",\"target\":{\"@type\":\"EntryPoint\",\"urlTemplate\":\"https:\\\/\\\/www.residenciajoviar.com\\\/?s={search_term_string}\"},\"query-input\":{\"@type\":\"PropertyValueSpecification\",\"valueRequired\":true,\"valueName\":\"search_term_string\"}}],\"inLanguage\":\"es\"},{\"@type\":\"Person\",\"@id\":\"https:\\\/\\\/www.residenciajoviar.com\\\/#\\\/schema\\\/person\\\/924a71fa2a3d57e4b46891a48f2d22a9\",\"name\":\"joviar\",\"url\":\"https:\\\/\\\/www.residenciajoviar.com\\\/es\\\/author\\\/joviar\\\/\"}]}<\/script>\n<!-- \/ Yoast SEO plugin. -->","yoast_head_json":{"title":"100 anys Dolores Escalona - RESID\u00c8NCIA JOVIAR - Centre lliure de contencions","robots":{"index":"index","follow":"follow","max-snippet":"max-snippet:-1","max-image-preview":"max-image-preview:large","max-video-preview":"max-video-preview:-1"},"canonical":"https:\/\/www.residenciajoviar.com\/es\/100-anys-dolores-escalona\/","og_locale":"es_ES","og_type":"article","og_title":"100 anys Dolores Escalona - RESID\u00c8NCIA JOVIAR - Centre lliure de contencions","og_description":"Avui hem gaudit d&#8217;una festa d&#8217;aniversari molt especial. La nostra usu\u00e0ria Dolores Escalona ha fet 100 anys. Entre tots hem intentat que sigui la gran protagonista de la tarda!!!&#8230;. Agrair als membres de la Fundaci\u00f3 Adesmas per acompanyar-nos durant la celebraci\u00f3, per l&#8217;entrega de la medalla centenaria a Dolores i pel seu acompanyament en la [&hellip;]","og_url":"https:\/\/www.residenciajoviar.com\/es\/100-anys-dolores-escalona\/","og_site_name":"RESID\u00c8NCIA JOVIAR - Centre lliure de contencions","article_publisher":"https:\/\/www.facebook.com\/residenciajoviar\/","article_published_time":"2017-10-26T12:38:14+00:00","og_image":[{"width":1024,"height":683,"url":"https:\/\/www.residenciajoviar.com\/wp-content\/uploads\/DSC_0352bis-1024x683.jpg","type":"image\/jpeg"}],"author":"joviar","twitter_card":"summary_large_image","twitter_creator":"@JoviarLleida","twitter_site":"@JoviarLleida","twitter_misc":{"Escrito por":"joviar","Tiempo de lectura":"2 minutos"},"schema":{"@context":"https:\/\/schema.org","@graph":[{"@type":"Article","@id":"https:\/\/www.residenciajoviar.com\/es\/100-anys-dolores-escalona\/#article","isPartOf":{"@id":"https:\/\/www.residenciajoviar.com\/es\/100-anys-dolores-escalona\/"},"author":{"name":"joviar","@id":"https:\/\/www.residenciajoviar.com\/#\/schema\/person\/924a71fa2a3d57e4b46891a48f2d22a9"},"headline":"100 anys Dolores Escalona","datePublished":"2017-10-26T12:38:14+00:00","mainEntityOfPage":{"@id":"https:\/\/www.residenciajoviar.com\/es\/100-anys-dolores-escalona\/"},"wordCount":501,"image":{"@id":"https:\/\/www.residenciajoviar.com\/es\/100-anys-dolores-escalona\/#primaryimage"},"thumbnailUrl":"https:\/\/www.residenciajoviar.com\/wp-content\/uploads\/DSC_0352bis.jpg","articleSection":["Noticias"],"inLanguage":"es"},{"@type":"WebPage","@id":"https:\/\/www.residenciajoviar.com\/es\/100-anys-dolores-escalona\/","url":"https:\/\/www.residenciajoviar.com\/es\/100-anys-dolores-escalona\/","name":"100 anys Dolores Escalona - RESID\u00c8NCIA JOVIAR - Centre lliure de contencions","isPartOf":{"@id":"https:\/\/www.residenciajoviar.com\/#website"},"primaryImageOfPage":{"@id":"https:\/\/www.residenciajoviar.com\/es\/100-anys-dolores-escalona\/#primaryimage"},"image":{"@id":"https:\/\/www.residenciajoviar.com\/es\/100-anys-dolores-escalona\/#primaryimage"},"thumbnailUrl":"https:\/\/www.residenciajoviar.com\/wp-content\/uploads\/DSC_0352bis.jpg","datePublished":"2017-10-26T12:38:14+00:00","author":{"@id":"https:\/\/www.residenciajoviar.com\/#\/schema\/person\/924a71fa2a3d57e4b46891a48f2d22a9"},"breadcrumb":{"@id":"https:\/\/www.residenciajoviar.com\/es\/100-anys-dolores-escalona\/#breadcrumb"},"inLanguage":"es","potentialAction":[{"@type":"ReadAction","target":["https:\/\/www.residenciajoviar.com\/es\/100-anys-dolores-escalona\/"]}]},{"@type":"ImageObject","inLanguage":"es","@id":"https:\/\/www.residenciajoviar.com\/es\/100-anys-dolores-escalona\/#primaryimage","url":"https:\/\/www.residenciajoviar.com\/wp-content\/uploads\/DSC_0352bis.jpg","contentUrl":"https:\/\/www.residenciajoviar.com\/wp-content\/uploads\/DSC_0352bis.jpg","width":6000,"height":4000},{"@type":"BreadcrumbList","@id":"https:\/\/www.residenciajoviar.com\/es\/100-anys-dolores-escalona\/#breadcrumb","itemListElement":[{"@type":"ListItem","position":1,"name":"Inici","item":"https:\/\/www.residenciajoviar.com\/es\/"},{"@type":"ListItem","position":2,"name":"100 anys Dolores Escalona"}]},{"@type":"WebSite","@id":"https:\/\/www.residenciajoviar.com\/#website","url":"https:\/\/www.residenciajoviar.com\/","name":"RESID\u00c8NCIA JOVIAR - Centre lliure de contencions","description":"Centre lliure de contencions","potentialAction":[{"@type":"SearchAction","target":{"@type":"EntryPoint","urlTemplate":"https:\/\/www.residenciajoviar.com\/?s={search_term_string}"},"query-input":{"@type":"PropertyValueSpecification","valueRequired":true,"valueName":"search_term_string"}}],"inLanguage":"es"},{"@type":"Person","@id":"https:\/\/www.residenciajoviar.com\/#\/schema\/person\/924a71fa2a3d57e4b46891a48f2d22a9","name":"joviar","url":"https:\/\/www.residenciajoviar.com\/es\/author\/joviar\/"}]}},"_links":{"self":[{"href":"https:\/\/www.residenciajoviar.com\/es\/wp-json\/wp\/v2\/posts\/1145","targetHints":{"allow":["GET"]}}],"collection":[{"href":"https:\/\/www.residenciajoviar.com\/es\/wp-json\/wp\/v2\/posts"}],"about":[{"href":"https:\/\/www.residenciajoviar.com\/es\/wp-json\/wp\/v2\/types\/post"}],"author":[{"embeddable":true,"href":"https:\/\/www.residenciajoviar.com\/es\/wp-json\/wp\/v2\/users\/2"}],"replies":[{"embeddable":true,"href":"https:\/\/www.residenciajoviar.com\/es\/wp-json\/wp\/v2\/comments?post=1145"}],"version-history":[{"count":0,"href":"https:\/\/www.residenciajoviar.com\/es\/wp-json\/wp\/v2\/posts\/1145\/revisions"}],"wp:featuredmedia":[{"embeddable":true,"href":"https:\/\/www.residenciajoviar.com\/es\/wp-json\/wp\/v2\/media\/1069"}],"wp:attachment":[{"href":"https:\/\/www.residenciajoviar.com\/es\/wp-json\/wp\/v2\/media?parent=1145"}],"wp:term":[{"taxonomy":"category","embeddable":true,"href":"https:\/\/www.residenciajoviar.com\/es\/wp-json\/wp\/v2\/categories?post=1145"},{"taxonomy":"post_tag","embeddable":true,"href":"https:\/\/www.residenciajoviar.com\/es\/wp-json\/wp\/v2\/tags?post=1145"}],"curies":[{"name":"wp","href":"https:\/\/api.w.org\/{rel}","templated":true}]}}