{"id":1157,"date":"2017-04-28T09:29:54","date_gmt":"2017-04-28T07:29:54","guid":{"rendered":"https:\/\/www.residenciajoviar.com\/formacio-de-creixement-personal\/"},"modified":"2017-04-28T09:29:54","modified_gmt":"2017-04-28T07:29:54","slug":"formacio-de-creixement-personal","status":"publish","type":"post","link":"https:\/\/www.residenciajoviar.com\/es\/formacio-de-creixement-personal\/","title":{"rendered":"Formaci\u00f3 de creixement personal"},"content":{"rendered":"<p>Aquesta setmana ha estat molt intensa en el nostre centre, de dilluns a dijous hem compartit part del personal del centre una formaci\u00f3 molt especial de creixement personal de la m\u00e0 del Coach Baldi Figueres.<\/p>\n<p>Hem parlat del lideratge per l&#8217;obtenci\u00f3 d&#8217;un objectiu com\u00fa, del refor\u00e7ament de la nostra autoconfian\u00e7a i de la import\u00e0ncia de tenir una autoconfian\u00e7a estable per tenir millor seguretat a l&#8217;hora de prendre decisions, una altre taller ha esta el d&#8217;endevinar quin es el teu tret de personalitat per poder entendre millor a nosaltres mateixos\u00a0 i\u00a0recon\u00e8ixer amb m\u00e9s facilitat les actituds i necessitats dels dem\u00e9s i l&#8217;\u00faltim taller ha esta el de potenciar la teva seguretat interna, que ha perm\u00e8s potenciar la nostra autoestima\u00a0 i per tant tenir m\u00e9s confian\u00e7a en nosaltres mateixos.<\/p>\n<p>Agrair des de Direcci\u00f3 a tot el personal per la manera tan activa que han participat en cadascun dels tallers i a Baldi per ajudar-nos a cr\u00e9ixer personalment.<\/p>\n<p>Per veure fotos cliqueu <a href=\"https:\/\/goo.gl\/photos\/6fHYwhmtPRFu7rh3A\" target=\"_blank\" rel=\"noopener noreferrer\">aqu\u00ed<\/a>.<\/p>\n<p>&nbsp;<\/p>\n","protected":false},"excerpt":{"rendered":"<p>Aquesta setmana ha estat molt intensa en el nostre centre, de dilluns a dijous hem compartit part del personal del centre una formaci\u00f3 molt especial de creixement personal de la m\u00e0 del Coach Baldi Figueres. Hem parlat del lideratge per l&#8217;obtenci\u00f3 d&#8217;un objectiu com\u00fa, del refor\u00e7ament de la nostra autoconfian\u00e7a i de la import\u00e0ncia de [&hellip;]<\/p>\n","protected":false},"author":2,"featured_media":1057,"comment_status":"closed","ping_status":"closed","sticky":false,"template":"","format":"standard","meta":{"_acf_changed":false,"_et_pb_use_builder":"","_et_pb_old_content":"","_et_gb_content_width":"","footnotes":""},"categories":[85],"tags":[],"class_list":["post-1157","post","type-post","status-publish","format-standard","has-post-thumbnail","hentry","category-noticias"],"acf":[],"yoast_head":"<!-- This site is optimized with the Yoast SEO plugin v27.5 - https:\/\/yoast.com\/product\/yoast-seo-wordpress\/ -->\n<title>Formaci\u00f3 de creixement personal - RESID\u00c8NCIA JOVIAR - Centre lliure de contencions<\/title>\n<meta name=\"robots\" content=\"index, follow, max-snippet:-1, max-image-preview:large, max-video-preview:-1\" \/>\n<link rel=\"canonical\" href=\"https:\/\/www.residenciajoviar.com\/es\/formacio-de-creixement-personal\/\" \/>\n<meta property=\"og:locale\" content=\"es_ES\" \/>\n<meta property=\"og:type\" content=\"article\" \/>\n<meta property=\"og:title\" content=\"Formaci\u00f3 de creixement personal - RESID\u00c8NCIA JOVIAR - Centre lliure de contencions\" \/>\n<meta property=\"og:description\" content=\"Aquesta setmana ha estat molt intensa en el nostre centre, de dilluns a dijous hem compartit part del personal del centre una formaci\u00f3 molt especial de creixement personal de la m\u00e0 del Coach Baldi Figueres. Hem parlat del lideratge per l&#8217;obtenci\u00f3 d&#8217;un objectiu com\u00fa, del refor\u00e7ament de la nostra autoconfian\u00e7a i de la import\u00e0ncia de [&hellip;]\" \/>\n<meta property=\"og:url\" content=\"https:\/\/www.residenciajoviar.com\/es\/formacio-de-creixement-personal\/\" \/>\n<meta property=\"og:site_name\" content=\"RESID\u00c8NCIA JOVIAR - Centre lliure de contencions\" \/>\n<meta property=\"article:publisher\" content=\"https:\/\/www.facebook.com\/residenciajoviar\/\" \/>\n<meta property=\"article:published_time\" content=\"2017-04-28T07:29:54+00:00\" \/>\n<meta property=\"og:image\" content=\"https:\/\/www.residenciajoviar.com\/wp-content\/uploads\/IMG_0194-1024x768.jpg\" \/>\n\t<meta property=\"og:image:width\" content=\"1024\" \/>\n\t<meta property=\"og:image:height\" content=\"768\" \/>\n\t<meta property=\"og:image:type\" content=\"image\/jpeg\" \/>\n<meta name=\"author\" content=\"joviar\" \/>\n<meta name=\"twitter:card\" content=\"summary_large_image\" \/>\n<meta name=\"twitter:creator\" content=\"@JoviarLleida\" \/>\n<meta name=\"twitter:site\" content=\"@JoviarLleida\" \/>\n<meta name=\"twitter:label1\" content=\"Escrito por\" \/>\n\t<meta name=\"twitter:data1\" content=\"joviar\" \/>\n\t<meta name=\"twitter:label2\" content=\"Tiempo de lectura\" \/>\n\t<meta name=\"twitter:data2\" content=\"1 minuto\" \/>\n<script type=\"application\/ld+json\" class=\"yoast-schema-graph\">{\"@context\":\"https:\\\/\\\/schema.org\",\"@graph\":[{\"@type\":\"Article\",\"@id\":\"https:\\\/\\\/www.residenciajoviar.com\\\/es\\\/formacio-de-creixement-personal\\\/#article\",\"isPartOf\":{\"@id\":\"https:\\\/\\\/www.residenciajoviar.com\\\/es\\\/formacio-de-creixement-personal\\\/\"},\"author\":{\"name\":\"joviar\",\"@id\":\"https:\\\/\\\/www.residenciajoviar.com\\\/#\\\/schema\\\/person\\\/924a71fa2a3d57e4b46891a48f2d22a9\"},\"headline\":\"Formaci\u00f3 de creixement personal\",\"datePublished\":\"2017-04-28T07:29:54+00:00\",\"mainEntityOfPage\":{\"@id\":\"https:\\\/\\\/www.residenciajoviar.com\\\/es\\\/formacio-de-creixement-personal\\\/\"},\"wordCount\":182,\"image\":{\"@id\":\"https:\\\/\\\/www.residenciajoviar.com\\\/es\\\/formacio-de-creixement-personal\\\/#primaryimage\"},\"thumbnailUrl\":\"https:\\\/\\\/www.residenciajoviar.com\\\/wp-content\\\/uploads\\\/IMG_0194.jpg\",\"articleSection\":[\"Noticias\"],\"inLanguage\":\"es\"},{\"@type\":\"WebPage\",\"@id\":\"https:\\\/\\\/www.residenciajoviar.com\\\/es\\\/formacio-de-creixement-personal\\\/\",\"url\":\"https:\\\/\\\/www.residenciajoviar.com\\\/es\\\/formacio-de-creixement-personal\\\/\",\"name\":\"Formaci\u00f3 de creixement personal - RESID\u00c8NCIA JOVIAR - Centre lliure de contencions\",\"isPartOf\":{\"@id\":\"https:\\\/\\\/www.residenciajoviar.com\\\/#website\"},\"primaryImageOfPage\":{\"@id\":\"https:\\\/\\\/www.residenciajoviar.com\\\/es\\\/formacio-de-creixement-personal\\\/#primaryimage\"},\"image\":{\"@id\":\"https:\\\/\\\/www.residenciajoviar.com\\\/es\\\/formacio-de-creixement-personal\\\/#primaryimage\"},\"thumbnailUrl\":\"https:\\\/\\\/www.residenciajoviar.com\\\/wp-content\\\/uploads\\\/IMG_0194.jpg\",\"datePublished\":\"2017-04-28T07:29:54+00:00\",\"author\":{\"@id\":\"https:\\\/\\\/www.residenciajoviar.com\\\/#\\\/schema\\\/person\\\/924a71fa2a3d57e4b46891a48f2d22a9\"},\"breadcrumb\":{\"@id\":\"https:\\\/\\\/www.residenciajoviar.com\\\/es\\\/formacio-de-creixement-personal\\\/#breadcrumb\"},\"inLanguage\":\"es\",\"potentialAction\":[{\"@type\":\"ReadAction\",\"target\":[\"https:\\\/\\\/www.residenciajoviar.com\\\/es\\\/formacio-de-creixement-personal\\\/\"]}]},{\"@type\":\"ImageObject\",\"inLanguage\":\"es\",\"@id\":\"https:\\\/\\\/www.residenciajoviar.com\\\/es\\\/formacio-de-creixement-personal\\\/#primaryimage\",\"url\":\"https:\\\/\\\/www.residenciajoviar.com\\\/wp-content\\\/uploads\\\/IMG_0194.jpg\",\"contentUrl\":\"https:\\\/\\\/www.residenciajoviar.com\\\/wp-content\\\/uploads\\\/IMG_0194.jpg\",\"width\":3264,\"height\":2448},{\"@type\":\"BreadcrumbList\",\"@id\":\"https:\\\/\\\/www.residenciajoviar.com\\\/es\\\/formacio-de-creixement-personal\\\/#breadcrumb\",\"itemListElement\":[{\"@type\":\"ListItem\",\"position\":1,\"name\":\"Inici\",\"item\":\"https:\\\/\\\/www.residenciajoviar.com\\\/es\\\/\"},{\"@type\":\"ListItem\",\"position\":2,\"name\":\"Formaci\u00f3 de creixement personal\"}]},{\"@type\":\"WebSite\",\"@id\":\"https:\\\/\\\/www.residenciajoviar.com\\\/#website\",\"url\":\"https:\\\/\\\/www.residenciajoviar.com\\\/\",\"name\":\"RESID\u00c8NCIA JOVIAR - Centre lliure de contencions\",\"description\":\"Centre lliure de contencions\",\"potentialAction\":[{\"@type\":\"SearchAction\",\"target\":{\"@type\":\"EntryPoint\",\"urlTemplate\":\"https:\\\/\\\/www.residenciajoviar.com\\\/?s={search_term_string}\"},\"query-input\":{\"@type\":\"PropertyValueSpecification\",\"valueRequired\":true,\"valueName\":\"search_term_string\"}}],\"inLanguage\":\"es\"},{\"@type\":\"Person\",\"@id\":\"https:\\\/\\\/www.residenciajoviar.com\\\/#\\\/schema\\\/person\\\/924a71fa2a3d57e4b46891a48f2d22a9\",\"name\":\"joviar\",\"url\":\"https:\\\/\\\/www.residenciajoviar.com\\\/es\\\/author\\\/joviar\\\/\"}]}<\/script>\n<!-- \/ Yoast SEO plugin. -->","yoast_head_json":{"title":"Formaci\u00f3 de creixement personal - RESID\u00c8NCIA JOVIAR - Centre lliure de contencions","robots":{"index":"index","follow":"follow","max-snippet":"max-snippet:-1","max-image-preview":"max-image-preview:large","max-video-preview":"max-video-preview:-1"},"canonical":"https:\/\/www.residenciajoviar.com\/es\/formacio-de-creixement-personal\/","og_locale":"es_ES","og_type":"article","og_title":"Formaci\u00f3 de creixement personal - RESID\u00c8NCIA JOVIAR - Centre lliure de contencions","og_description":"Aquesta setmana ha estat molt intensa en el nostre centre, de dilluns a dijous hem compartit part del personal del centre una formaci\u00f3 molt especial de creixement personal de la m\u00e0 del Coach Baldi Figueres. Hem parlat del lideratge per l&#8217;obtenci\u00f3 d&#8217;un objectiu com\u00fa, del refor\u00e7ament de la nostra autoconfian\u00e7a i de la import\u00e0ncia de [&hellip;]","og_url":"https:\/\/www.residenciajoviar.com\/es\/formacio-de-creixement-personal\/","og_site_name":"RESID\u00c8NCIA JOVIAR - Centre lliure de contencions","article_publisher":"https:\/\/www.facebook.com\/residenciajoviar\/","article_published_time":"2017-04-28T07:29:54+00:00","og_image":[{"width":1024,"height":768,"url":"https:\/\/www.residenciajoviar.com\/wp-content\/uploads\/IMG_0194-1024x768.jpg","type":"image\/jpeg"}],"author":"joviar","twitter_card":"summary_large_image","twitter_creator":"@JoviarLleida","twitter_site":"@JoviarLleida","twitter_misc":{"Escrito por":"joviar","Tiempo de lectura":"1 minuto"},"schema":{"@context":"https:\/\/schema.org","@graph":[{"@type":"Article","@id":"https:\/\/www.residenciajoviar.com\/es\/formacio-de-creixement-personal\/#article","isPartOf":{"@id":"https:\/\/www.residenciajoviar.com\/es\/formacio-de-creixement-personal\/"},"author":{"name":"joviar","@id":"https:\/\/www.residenciajoviar.com\/#\/schema\/person\/924a71fa2a3d57e4b46891a48f2d22a9"},"headline":"Formaci\u00f3 de creixement personal","datePublished":"2017-04-28T07:29:54+00:00","mainEntityOfPage":{"@id":"https:\/\/www.residenciajoviar.com\/es\/formacio-de-creixement-personal\/"},"wordCount":182,"image":{"@id":"https:\/\/www.residenciajoviar.com\/es\/formacio-de-creixement-personal\/#primaryimage"},"thumbnailUrl":"https:\/\/www.residenciajoviar.com\/wp-content\/uploads\/IMG_0194.jpg","articleSection":["Noticias"],"inLanguage":"es"},{"@type":"WebPage","@id":"https:\/\/www.residenciajoviar.com\/es\/formacio-de-creixement-personal\/","url":"https:\/\/www.residenciajoviar.com\/es\/formacio-de-creixement-personal\/","name":"Formaci\u00f3 de creixement personal - RESID\u00c8NCIA JOVIAR - Centre lliure de contencions","isPartOf":{"@id":"https:\/\/www.residenciajoviar.com\/#website"},"primaryImageOfPage":{"@id":"https:\/\/www.residenciajoviar.com\/es\/formacio-de-creixement-personal\/#primaryimage"},"image":{"@id":"https:\/\/www.residenciajoviar.com\/es\/formacio-de-creixement-personal\/#primaryimage"},"thumbnailUrl":"https:\/\/www.residenciajoviar.com\/wp-content\/uploads\/IMG_0194.jpg","datePublished":"2017-04-28T07:29:54+00:00","author":{"@id":"https:\/\/www.residenciajoviar.com\/#\/schema\/person\/924a71fa2a3d57e4b46891a48f2d22a9"},"breadcrumb":{"@id":"https:\/\/www.residenciajoviar.com\/es\/formacio-de-creixement-personal\/#breadcrumb"},"inLanguage":"es","potentialAction":[{"@type":"ReadAction","target":["https:\/\/www.residenciajoviar.com\/es\/formacio-de-creixement-personal\/"]}]},{"@type":"ImageObject","inLanguage":"es","@id":"https:\/\/www.residenciajoviar.com\/es\/formacio-de-creixement-personal\/#primaryimage","url":"https:\/\/www.residenciajoviar.com\/wp-content\/uploads\/IMG_0194.jpg","contentUrl":"https:\/\/www.residenciajoviar.com\/wp-content\/uploads\/IMG_0194.jpg","width":3264,"height":2448},{"@type":"BreadcrumbList","@id":"https:\/\/www.residenciajoviar.com\/es\/formacio-de-creixement-personal\/#breadcrumb","itemListElement":[{"@type":"ListItem","position":1,"name":"Inici","item":"https:\/\/www.residenciajoviar.com\/es\/"},{"@type":"ListItem","position":2,"name":"Formaci\u00f3 de creixement personal"}]},{"@type":"WebSite","@id":"https:\/\/www.residenciajoviar.com\/#website","url":"https:\/\/www.residenciajoviar.com\/","name":"RESID\u00c8NCIA JOVIAR - Centre lliure de contencions","description":"Centre lliure de contencions","potentialAction":[{"@type":"SearchAction","target":{"@type":"EntryPoint","urlTemplate":"https:\/\/www.residenciajoviar.com\/?s={search_term_string}"},"query-input":{"@type":"PropertyValueSpecification","valueRequired":true,"valueName":"search_term_string"}}],"inLanguage":"es"},{"@type":"Person","@id":"https:\/\/www.residenciajoviar.com\/#\/schema\/person\/924a71fa2a3d57e4b46891a48f2d22a9","name":"joviar","url":"https:\/\/www.residenciajoviar.com\/es\/author\/joviar\/"}]}},"_links":{"self":[{"href":"https:\/\/www.residenciajoviar.com\/es\/wp-json\/wp\/v2\/posts\/1157","targetHints":{"allow":["GET"]}}],"collection":[{"href":"https:\/\/www.residenciajoviar.com\/es\/wp-json\/wp\/v2\/posts"}],"about":[{"href":"https:\/\/www.residenciajoviar.com\/es\/wp-json\/wp\/v2\/types\/post"}],"author":[{"embeddable":true,"href":"https:\/\/www.residenciajoviar.com\/es\/wp-json\/wp\/v2\/users\/2"}],"replies":[{"embeddable":true,"href":"https:\/\/www.residenciajoviar.com\/es\/wp-json\/wp\/v2\/comments?post=1157"}],"version-history":[{"count":0,"href":"https:\/\/www.residenciajoviar.com\/es\/wp-json\/wp\/v2\/posts\/1157\/revisions"}],"wp:featuredmedia":[{"embeddable":true,"href":"https:\/\/www.residenciajoviar.com\/es\/wp-json\/wp\/v2\/media\/1057"}],"wp:attachment":[{"href":"https:\/\/www.residenciajoviar.com\/es\/wp-json\/wp\/v2\/media?parent=1157"}],"wp:term":[{"taxonomy":"category","embeddable":true,"href":"https:\/\/www.residenciajoviar.com\/es\/wp-json\/wp\/v2\/categories?post=1157"},{"taxonomy":"post_tag","embeddable":true,"href":"https:\/\/www.residenciajoviar.com\/es\/wp-json\/wp\/v2\/tags?post=1157"}],"curies":[{"name":"wp","href":"https:\/\/api.w.org\/{rel}","templated":true}]}}