{"id":1185,"date":"2016-07-05T14:49:00","date_gmt":"2016-07-05T12:49:00","guid":{"rendered":"https:\/\/www.residenciajoviar.com\/exhibicio-daus-rapinyaires\/"},"modified":"2016-07-05T14:49:00","modified_gmt":"2016-07-05T12:49:00","slug":"exhibicio-daus-rapinyaires","status":"publish","type":"post","link":"https:\/\/www.residenciajoviar.com\/es\/exhibicio-daus-rapinyaires\/","title":{"rendered":"Exhibici\u00f3 d&#8217;aus rapinyaires"},"content":{"rendered":"<p>Amb el retorn estiuenc, aquest any ho hem volgut celebrar amb una<br \/>\nexhibici\u00f3 de les aus rapinyaires m\u00e9s conegudes, a c\u00e0rrec de + Q Aves.<\/p>\n<p>Vam acabar el mat\u00ed del diumenge, tots junts, amb un vermut; gr\u00e0cies a tots per la vostra participaci\u00f3.<\/p>\n<p><iframe loading=\"lazy\" width=\"1080\" height=\"608\" src=\"https:\/\/www.youtube.com\/embed\/NYtNBNWTNo0?feature=oembed\" frameborder=\"0\" allowfullscreen><\/iframe><\/p>\n<div class=\"separator\" style=\"clear: both; text-align: center;\"><\/div>\n","protected":false},"excerpt":{"rendered":"<p>Amb el retorn estiuenc, aquest any ho hem volgut celebrar amb una exhibici\u00f3 de les aus rapinyaires m\u00e9s conegudes, a c\u00e0rrec de + Q Aves. Vam acabar el mat\u00ed del diumenge, tots junts, amb un vermut; gr\u00e0cies a tots per la vostra participaci\u00f3.<\/p>\n","protected":false},"author":2,"featured_media":0,"comment_status":"closed","ping_status":"closed","sticky":false,"template":"","format":"video","meta":{"_acf_changed":false,"_et_pb_use_builder":"","_et_pb_old_content":"","_et_gb_content_width":"","footnotes":""},"categories":[85],"tags":[94,91],"class_list":["post-1185","post","type-post","status-publish","format-video","hentry","category-noticias","tag-qaves-es","tag-joviar-es","post_format-post-format-video"],"acf":[],"yoast_head":"<!-- This site is optimized with the Yoast SEO plugin v27.5 - https:\/\/yoast.com\/product\/yoast-seo-wordpress\/ -->\n<title>Exhibici\u00f3 d&#039;aus rapinyaires - RESID\u00c8NCIA JOVIAR - Centre lliure de contencions<\/title>\n<meta name=\"robots\" content=\"index, follow, max-snippet:-1, max-image-preview:large, max-video-preview:-1\" \/>\n<link rel=\"canonical\" href=\"https:\/\/www.residenciajoviar.com\/es\/exhibicio-daus-rapinyaires\/\" \/>\n<meta property=\"og:locale\" content=\"es_ES\" \/>\n<meta property=\"og:type\" content=\"article\" \/>\n<meta property=\"og:title\" content=\"Exhibici\u00f3 d&#039;aus rapinyaires - RESID\u00c8NCIA JOVIAR - Centre lliure de contencions\" \/>\n<meta property=\"og:description\" content=\"Amb el retorn estiuenc, aquest any ho hem volgut celebrar amb una exhibici\u00f3 de les aus rapinyaires m\u00e9s conegudes, a c\u00e0rrec de + Q Aves. Vam acabar el mat\u00ed del diumenge, tots junts, amb un vermut; gr\u00e0cies a tots per la vostra participaci\u00f3.\" \/>\n<meta property=\"og:url\" content=\"https:\/\/www.residenciajoviar.com\/es\/exhibicio-daus-rapinyaires\/\" \/>\n<meta property=\"og:site_name\" content=\"RESID\u00c8NCIA JOVIAR - Centre lliure de contencions\" \/>\n<meta property=\"article:publisher\" content=\"https:\/\/www.facebook.com\/residenciajoviar\/\" \/>\n<meta property=\"article:published_time\" content=\"2016-07-05T12:49:00+00:00\" \/>\n<meta property=\"og:image\" content=\"https:\/\/www.residenciajoviar.com\/wp-content\/uploads\/joviar-facebook-captura-1.png\" \/>\n\t<meta property=\"og:image:width\" content=\"1210\" \/>\n\t<meta property=\"og:image:height\" content=\"1059\" \/>\n\t<meta property=\"og:image:type\" content=\"image\/png\" \/>\n<meta name=\"author\" content=\"joviar\" \/>\n<meta name=\"twitter:card\" content=\"summary_large_image\" \/>\n<meta name=\"twitter:creator\" content=\"@JoviarLleida\" \/>\n<meta name=\"twitter:site\" content=\"@JoviarLleida\" \/>\n<meta name=\"twitter:label1\" content=\"Escrito por\" \/>\n\t<meta name=\"twitter:data1\" content=\"joviar\" \/>\n<script type=\"application\/ld+json\" class=\"yoast-schema-graph\">{\"@context\":\"https:\\\/\\\/schema.org\",\"@graph\":[{\"@type\":\"Article\",\"@id\":\"https:\\\/\\\/www.residenciajoviar.com\\\/es\\\/exhibicio-daus-rapinyaires\\\/#article\",\"isPartOf\":{\"@id\":\"https:\\\/\\\/www.residenciajoviar.com\\\/es\\\/exhibicio-daus-rapinyaires\\\/\"},\"author\":{\"name\":\"joviar\",\"@id\":\"https:\\\/\\\/www.residenciajoviar.com\\\/#\\\/schema\\\/person\\\/924a71fa2a3d57e4b46891a48f2d22a9\"},\"headline\":\"Exhibici\u00f3 d&#8217;aus rapinyaires\",\"datePublished\":\"2016-07-05T12:49:00+00:00\",\"mainEntityOfPage\":{\"@id\":\"https:\\\/\\\/www.residenciajoviar.com\\\/es\\\/exhibicio-daus-rapinyaires\\\/\"},\"wordCount\":53,\"keywords\":[\"+Qaves\",\"joviar\"],\"articleSection\":[\"Noticias\"],\"inLanguage\":\"es\"},{\"@type\":\"WebPage\",\"@id\":\"https:\\\/\\\/www.residenciajoviar.com\\\/es\\\/exhibicio-daus-rapinyaires\\\/\",\"url\":\"https:\\\/\\\/www.residenciajoviar.com\\\/es\\\/exhibicio-daus-rapinyaires\\\/\",\"name\":\"Exhibici\u00f3 d'aus rapinyaires - RESID\u00c8NCIA JOVIAR - Centre lliure de contencions\",\"isPartOf\":{\"@id\":\"https:\\\/\\\/www.residenciajoviar.com\\\/#website\"},\"datePublished\":\"2016-07-05T12:49:00+00:00\",\"author\":{\"@id\":\"https:\\\/\\\/www.residenciajoviar.com\\\/#\\\/schema\\\/person\\\/924a71fa2a3d57e4b46891a48f2d22a9\"},\"breadcrumb\":{\"@id\":\"https:\\\/\\\/www.residenciajoviar.com\\\/es\\\/exhibicio-daus-rapinyaires\\\/#breadcrumb\"},\"inLanguage\":\"es\",\"potentialAction\":[{\"@type\":\"ReadAction\",\"target\":[\"https:\\\/\\\/www.residenciajoviar.com\\\/es\\\/exhibicio-daus-rapinyaires\\\/\"]}]},{\"@type\":\"BreadcrumbList\",\"@id\":\"https:\\\/\\\/www.residenciajoviar.com\\\/es\\\/exhibicio-daus-rapinyaires\\\/#breadcrumb\",\"itemListElement\":[{\"@type\":\"ListItem\",\"position\":1,\"name\":\"Inici\",\"item\":\"https:\\\/\\\/www.residenciajoviar.com\\\/es\\\/\"},{\"@type\":\"ListItem\",\"position\":2,\"name\":\"Exhibici\u00f3 d&#8217;aus rapinyaires\"}]},{\"@type\":\"WebSite\",\"@id\":\"https:\\\/\\\/www.residenciajoviar.com\\\/#website\",\"url\":\"https:\\\/\\\/www.residenciajoviar.com\\\/\",\"name\":\"RESID\u00c8NCIA JOVIAR - Centre lliure de contencions\",\"description\":\"Centre lliure de contencions\",\"potentialAction\":[{\"@type\":\"SearchAction\",\"target\":{\"@type\":\"EntryPoint\",\"urlTemplate\":\"https:\\\/\\\/www.residenciajoviar.com\\\/?s={search_term_string}\"},\"query-input\":{\"@type\":\"PropertyValueSpecification\",\"valueRequired\":true,\"valueName\":\"search_term_string\"}}],\"inLanguage\":\"es\"},{\"@type\":\"Person\",\"@id\":\"https:\\\/\\\/www.residenciajoviar.com\\\/#\\\/schema\\\/person\\\/924a71fa2a3d57e4b46891a48f2d22a9\",\"name\":\"joviar\",\"url\":\"https:\\\/\\\/www.residenciajoviar.com\\\/es\\\/author\\\/joviar\\\/\"}]}<\/script>\n<!-- \/ Yoast SEO plugin. -->","yoast_head_json":{"title":"Exhibici\u00f3 d'aus rapinyaires - RESID\u00c8NCIA JOVIAR - Centre lliure de contencions","robots":{"index":"index","follow":"follow","max-snippet":"max-snippet:-1","max-image-preview":"max-image-preview:large","max-video-preview":"max-video-preview:-1"},"canonical":"https:\/\/www.residenciajoviar.com\/es\/exhibicio-daus-rapinyaires\/","og_locale":"es_ES","og_type":"article","og_title":"Exhibici\u00f3 d'aus rapinyaires - RESID\u00c8NCIA JOVIAR - Centre lliure de contencions","og_description":"Amb el retorn estiuenc, aquest any ho hem volgut celebrar amb una exhibici\u00f3 de les aus rapinyaires m\u00e9s conegudes, a c\u00e0rrec de + Q Aves. Vam acabar el mat\u00ed del diumenge, tots junts, amb un vermut; gr\u00e0cies a tots per la vostra participaci\u00f3.","og_url":"https:\/\/www.residenciajoviar.com\/es\/exhibicio-daus-rapinyaires\/","og_site_name":"RESID\u00c8NCIA JOVIAR - Centre lliure de contencions","article_publisher":"https:\/\/www.facebook.com\/residenciajoviar\/","article_published_time":"2016-07-05T12:49:00+00:00","og_image":[{"width":1210,"height":1059,"url":"https:\/\/www.residenciajoviar.com\/wp-content\/uploads\/joviar-facebook-captura-1.png","type":"image\/png"}],"author":"joviar","twitter_card":"summary_large_image","twitter_creator":"@JoviarLleida","twitter_site":"@JoviarLleida","twitter_misc":{"Escrito por":"joviar"},"schema":{"@context":"https:\/\/schema.org","@graph":[{"@type":"Article","@id":"https:\/\/www.residenciajoviar.com\/es\/exhibicio-daus-rapinyaires\/#article","isPartOf":{"@id":"https:\/\/www.residenciajoviar.com\/es\/exhibicio-daus-rapinyaires\/"},"author":{"name":"joviar","@id":"https:\/\/www.residenciajoviar.com\/#\/schema\/person\/924a71fa2a3d57e4b46891a48f2d22a9"},"headline":"Exhibici\u00f3 d&#8217;aus rapinyaires","datePublished":"2016-07-05T12:49:00+00:00","mainEntityOfPage":{"@id":"https:\/\/www.residenciajoviar.com\/es\/exhibicio-daus-rapinyaires\/"},"wordCount":53,"keywords":["+Qaves","joviar"],"articleSection":["Noticias"],"inLanguage":"es"},{"@type":"WebPage","@id":"https:\/\/www.residenciajoviar.com\/es\/exhibicio-daus-rapinyaires\/","url":"https:\/\/www.residenciajoviar.com\/es\/exhibicio-daus-rapinyaires\/","name":"Exhibici\u00f3 d'aus rapinyaires - RESID\u00c8NCIA JOVIAR - Centre lliure de contencions","isPartOf":{"@id":"https:\/\/www.residenciajoviar.com\/#website"},"datePublished":"2016-07-05T12:49:00+00:00","author":{"@id":"https:\/\/www.residenciajoviar.com\/#\/schema\/person\/924a71fa2a3d57e4b46891a48f2d22a9"},"breadcrumb":{"@id":"https:\/\/www.residenciajoviar.com\/es\/exhibicio-daus-rapinyaires\/#breadcrumb"},"inLanguage":"es","potentialAction":[{"@type":"ReadAction","target":["https:\/\/www.residenciajoviar.com\/es\/exhibicio-daus-rapinyaires\/"]}]},{"@type":"BreadcrumbList","@id":"https:\/\/www.residenciajoviar.com\/es\/exhibicio-daus-rapinyaires\/#breadcrumb","itemListElement":[{"@type":"ListItem","position":1,"name":"Inici","item":"https:\/\/www.residenciajoviar.com\/es\/"},{"@type":"ListItem","position":2,"name":"Exhibici\u00f3 d&#8217;aus rapinyaires"}]},{"@type":"WebSite","@id":"https:\/\/www.residenciajoviar.com\/#website","url":"https:\/\/www.residenciajoviar.com\/","name":"RESID\u00c8NCIA JOVIAR - Centre lliure de contencions","description":"Centre lliure de contencions","potentialAction":[{"@type":"SearchAction","target":{"@type":"EntryPoint","urlTemplate":"https:\/\/www.residenciajoviar.com\/?s={search_term_string}"},"query-input":{"@type":"PropertyValueSpecification","valueRequired":true,"valueName":"search_term_string"}}],"inLanguage":"es"},{"@type":"Person","@id":"https:\/\/www.residenciajoviar.com\/#\/schema\/person\/924a71fa2a3d57e4b46891a48f2d22a9","name":"joviar","url":"https:\/\/www.residenciajoviar.com\/es\/author\/joviar\/"}]}},"_links":{"self":[{"href":"https:\/\/www.residenciajoviar.com\/es\/wp-json\/wp\/v2\/posts\/1185","targetHints":{"allow":["GET"]}}],"collection":[{"href":"https:\/\/www.residenciajoviar.com\/es\/wp-json\/wp\/v2\/posts"}],"about":[{"href":"https:\/\/www.residenciajoviar.com\/es\/wp-json\/wp\/v2\/types\/post"}],"author":[{"embeddable":true,"href":"https:\/\/www.residenciajoviar.com\/es\/wp-json\/wp\/v2\/users\/2"}],"replies":[{"embeddable":true,"href":"https:\/\/www.residenciajoviar.com\/es\/wp-json\/wp\/v2\/comments?post=1185"}],"version-history":[{"count":0,"href":"https:\/\/www.residenciajoviar.com\/es\/wp-json\/wp\/v2\/posts\/1185\/revisions"}],"wp:attachment":[{"href":"https:\/\/www.residenciajoviar.com\/es\/wp-json\/wp\/v2\/media?parent=1185"}],"wp:term":[{"taxonomy":"category","embeddable":true,"href":"https:\/\/www.residenciajoviar.com\/es\/wp-json\/wp\/v2\/categories?post=1185"},{"taxonomy":"post_tag","embeddable":true,"href":"https:\/\/www.residenciajoviar.com\/es\/wp-json\/wp\/v2\/tags?post=1185"}],"curies":[{"name":"wp","href":"https:\/\/api.w.org\/{rel}","templated":true}]}}