{"id":1218,"date":"2015-04-13T21:57:00","date_gmt":"2015-04-13T19:57:00","guid":{"rendered":"https:\/\/www.residenciajoviar.com\/grabacio-dun-video-amb-el-cantant-jordi\/"},"modified":"2015-04-13T21:57:00","modified_gmt":"2015-04-13T19:57:00","slug":"grabacio-dun-video-amb-el-cantant-jordi","status":"publish","type":"post","link":"https:\/\/www.residenciajoviar.com\/es\/grabacio-dun-video-amb-el-cantant-jordi\/","title":{"rendered":"Grabaci\u00f3 d&#8217;un video amb el cantant Jordi Ninus"},"content":{"rendered":"<p>Ja tenim aqu\u00ed el video tant esperat! Per nosaltres ha estat un plaer i una experi\u00e8ncia inolvidable poder compartir un d\u00eda amb el Cantant Jordi Ninus. Ens va venir a visitar i vam interpretar la can\u00e7\u00f3 \u00abSom\u00bb del seu primer disc &nbsp;\u00abCamina\u00bb.<br \/>\nAgrair la &nbsp;col-laboraci\u00f3 a Jordi Ninus, als nostres companys Cristian i Vanesa per &nbsp;l&#8217;organitzaci\u00f3, a tot el personal i usuaris, per haber participat de la manera que ho han fet. Gr\u00e0cies a tots!<\/p>\n<div class=\"separator\" style=\"clear: both; text-align: center;\">\n<iframe loading=\"lazy\" allowfullscreen=\"\" class=\"YOUTUBE-iframe-video\" data-thumbnail-src=\"https:\/\/i.ytimg.com\/vi\/gqCGJFIkKqo\/0.jpg\" frameborder=\"0\" height=\"266\" src=\"http:\/\/www.youtube.com\/embed\/gqCGJFIkKqo?feature=player_embedded\" width=\"320\"><\/iframe><\/div>\n<p><\/p>\n","protected":false},"excerpt":{"rendered":"<p>Ja tenim aqu\u00ed el video tant esperat! Per nosaltres ha estat un plaer i una experi\u00e8ncia inolvidable poder compartir un d\u00eda amb el Cantant Jordi Ninus. Ens va venir a visitar i vam interpretar la can\u00e7\u00f3 \u00abSom\u00bb del seu primer disc &nbsp;\u00abCamina\u00bb. Agrair la &nbsp;col-laboraci\u00f3 a Jordi Ninus, als nostres companys Cristian i Vanesa per [&hellip;]<\/p>\n","protected":false},"author":2,"featured_media":0,"comment_status":"closed","ping_status":"closed","sticky":false,"template":"","format":"video","meta":{"_acf_changed":false,"_et_pb_use_builder":"","_et_pb_old_content":"","_et_gb_content_width":"","footnotes":""},"categories":[85],"tags":[139,91],"class_list":["post-1218","post","type-post","status-publish","format-video","hentry","category-noticias","tag-jordi-ninus-es","tag-joviar-es","post_format-post-format-video"],"acf":[],"yoast_head":"<!-- This site is optimized with the Yoast SEO plugin v27.5 - https:\/\/yoast.com\/product\/yoast-seo-wordpress\/ -->\n<title>Grabaci\u00f3 d&#039;un video amb el cantant Jordi Ninus - RESID\u00c8NCIA JOVIAR - Centre lliure de contencions<\/title>\n<meta name=\"robots\" content=\"index, follow, max-snippet:-1, max-image-preview:large, max-video-preview:-1\" \/>\n<link rel=\"canonical\" href=\"https:\/\/www.residenciajoviar.com\/es\/grabacio-dun-video-amb-el-cantant-jordi\/\" \/>\n<meta property=\"og:locale\" content=\"es_ES\" \/>\n<meta property=\"og:type\" content=\"article\" \/>\n<meta property=\"og:title\" content=\"Grabaci\u00f3 d&#039;un video amb el cantant Jordi Ninus - RESID\u00c8NCIA JOVIAR - Centre lliure de contencions\" \/>\n<meta property=\"og:description\" content=\"Ja tenim aqu\u00ed el video tant esperat! Per nosaltres ha estat un plaer i una experi\u00e8ncia inolvidable poder compartir un d\u00eda amb el Cantant Jordi Ninus. Ens va venir a visitar i vam interpretar la can\u00e7\u00f3 \u00abSom\u00bb del seu primer disc &nbsp;\u00abCamina\u00bb. Agrair la &nbsp;col-laboraci\u00f3 a Jordi Ninus, als nostres companys Cristian i Vanesa per [&hellip;]\" \/>\n<meta property=\"og:url\" content=\"https:\/\/www.residenciajoviar.com\/es\/grabacio-dun-video-amb-el-cantant-jordi\/\" \/>\n<meta property=\"og:site_name\" content=\"RESID\u00c8NCIA JOVIAR - Centre lliure de contencions\" \/>\n<meta property=\"article:publisher\" content=\"https:\/\/www.facebook.com\/residenciajoviar\/\" \/>\n<meta property=\"article:published_time\" content=\"2015-04-13T19:57:00+00:00\" \/>\n<meta property=\"og:image\" content=\"https:\/\/www.residenciajoviar.com\/wp-content\/uploads\/joviar-facebook-captura-1.png\" \/>\n\t<meta property=\"og:image:width\" content=\"1210\" \/>\n\t<meta property=\"og:image:height\" content=\"1059\" \/>\n\t<meta property=\"og:image:type\" content=\"image\/png\" \/>\n<meta name=\"author\" content=\"joviar\" \/>\n<meta name=\"twitter:card\" content=\"summary_large_image\" \/>\n<meta name=\"twitter:creator\" content=\"@JoviarLleida\" \/>\n<meta name=\"twitter:site\" content=\"@JoviarLleida\" \/>\n<meta name=\"twitter:label1\" content=\"Escrito por\" \/>\n\t<meta name=\"twitter:data1\" content=\"joviar\" \/>\n<script type=\"application\/ld+json\" class=\"yoast-schema-graph\">{\"@context\":\"https:\\\/\\\/schema.org\",\"@graph\":[{\"@type\":\"Article\",\"@id\":\"https:\\\/\\\/www.residenciajoviar.com\\\/es\\\/grabacio-dun-video-amb-el-cantant-jordi\\\/#article\",\"isPartOf\":{\"@id\":\"https:\\\/\\\/www.residenciajoviar.com\\\/es\\\/grabacio-dun-video-amb-el-cantant-jordi\\\/\"},\"author\":{\"name\":\"joviar\",\"@id\":\"https:\\\/\\\/www.residenciajoviar.com\\\/#\\\/schema\\\/person\\\/924a71fa2a3d57e4b46891a48f2d22a9\"},\"headline\":\"Grabaci\u00f3 d&#8217;un video amb el cantant Jordi Ninus\",\"datePublished\":\"2015-04-13T19:57:00+00:00\",\"mainEntityOfPage\":{\"@id\":\"https:\\\/\\\/www.residenciajoviar.com\\\/es\\\/grabacio-dun-video-amb-el-cantant-jordi\\\/\"},\"wordCount\":91,\"keywords\":[\"Jordi Ninus\",\"joviar\"],\"articleSection\":[\"Noticias\"],\"inLanguage\":\"es\"},{\"@type\":\"WebPage\",\"@id\":\"https:\\\/\\\/www.residenciajoviar.com\\\/es\\\/grabacio-dun-video-amb-el-cantant-jordi\\\/\",\"url\":\"https:\\\/\\\/www.residenciajoviar.com\\\/es\\\/grabacio-dun-video-amb-el-cantant-jordi\\\/\",\"name\":\"Grabaci\u00f3 d'un video amb el cantant Jordi Ninus - RESID\u00c8NCIA JOVIAR - Centre lliure de contencions\",\"isPartOf\":{\"@id\":\"https:\\\/\\\/www.residenciajoviar.com\\\/#website\"},\"datePublished\":\"2015-04-13T19:57:00+00:00\",\"author\":{\"@id\":\"https:\\\/\\\/www.residenciajoviar.com\\\/#\\\/schema\\\/person\\\/924a71fa2a3d57e4b46891a48f2d22a9\"},\"breadcrumb\":{\"@id\":\"https:\\\/\\\/www.residenciajoviar.com\\\/es\\\/grabacio-dun-video-amb-el-cantant-jordi\\\/#breadcrumb\"},\"inLanguage\":\"es\",\"potentialAction\":[{\"@type\":\"ReadAction\",\"target\":[\"https:\\\/\\\/www.residenciajoviar.com\\\/es\\\/grabacio-dun-video-amb-el-cantant-jordi\\\/\"]}]},{\"@type\":\"BreadcrumbList\",\"@id\":\"https:\\\/\\\/www.residenciajoviar.com\\\/es\\\/grabacio-dun-video-amb-el-cantant-jordi\\\/#breadcrumb\",\"itemListElement\":[{\"@type\":\"ListItem\",\"position\":1,\"name\":\"Inici\",\"item\":\"https:\\\/\\\/www.residenciajoviar.com\\\/es\\\/\"},{\"@type\":\"ListItem\",\"position\":2,\"name\":\"Grabaci\u00f3 d&#8217;un video amb el cantant Jordi Ninus\"}]},{\"@type\":\"WebSite\",\"@id\":\"https:\\\/\\\/www.residenciajoviar.com\\\/#website\",\"url\":\"https:\\\/\\\/www.residenciajoviar.com\\\/\",\"name\":\"RESID\u00c8NCIA JOVIAR - Centre lliure de contencions\",\"description\":\"Centre lliure de contencions\",\"potentialAction\":[{\"@type\":\"SearchAction\",\"target\":{\"@type\":\"EntryPoint\",\"urlTemplate\":\"https:\\\/\\\/www.residenciajoviar.com\\\/?s={search_term_string}\"},\"query-input\":{\"@type\":\"PropertyValueSpecification\",\"valueRequired\":true,\"valueName\":\"search_term_string\"}}],\"inLanguage\":\"es\"},{\"@type\":\"Person\",\"@id\":\"https:\\\/\\\/www.residenciajoviar.com\\\/#\\\/schema\\\/person\\\/924a71fa2a3d57e4b46891a48f2d22a9\",\"name\":\"joviar\",\"url\":\"https:\\\/\\\/www.residenciajoviar.com\\\/es\\\/author\\\/joviar\\\/\"}]}<\/script>\n<!-- \/ Yoast SEO plugin. -->","yoast_head_json":{"title":"Grabaci\u00f3 d'un video amb el cantant Jordi Ninus - RESID\u00c8NCIA JOVIAR - Centre lliure de contencions","robots":{"index":"index","follow":"follow","max-snippet":"max-snippet:-1","max-image-preview":"max-image-preview:large","max-video-preview":"max-video-preview:-1"},"canonical":"https:\/\/www.residenciajoviar.com\/es\/grabacio-dun-video-amb-el-cantant-jordi\/","og_locale":"es_ES","og_type":"article","og_title":"Grabaci\u00f3 d'un video amb el cantant Jordi Ninus - RESID\u00c8NCIA JOVIAR - Centre lliure de contencions","og_description":"Ja tenim aqu\u00ed el video tant esperat! Per nosaltres ha estat un plaer i una experi\u00e8ncia inolvidable poder compartir un d\u00eda amb el Cantant Jordi Ninus. Ens va venir a visitar i vam interpretar la can\u00e7\u00f3 \u00abSom\u00bb del seu primer disc &nbsp;\u00abCamina\u00bb. Agrair la &nbsp;col-laboraci\u00f3 a Jordi Ninus, als nostres companys Cristian i Vanesa per [&hellip;]","og_url":"https:\/\/www.residenciajoviar.com\/es\/grabacio-dun-video-amb-el-cantant-jordi\/","og_site_name":"RESID\u00c8NCIA JOVIAR - Centre lliure de contencions","article_publisher":"https:\/\/www.facebook.com\/residenciajoviar\/","article_published_time":"2015-04-13T19:57:00+00:00","og_image":[{"width":1210,"height":1059,"url":"https:\/\/www.residenciajoviar.com\/wp-content\/uploads\/joviar-facebook-captura-1.png","type":"image\/png"}],"author":"joviar","twitter_card":"summary_large_image","twitter_creator":"@JoviarLleida","twitter_site":"@JoviarLleida","twitter_misc":{"Escrito por":"joviar"},"schema":{"@context":"https:\/\/schema.org","@graph":[{"@type":"Article","@id":"https:\/\/www.residenciajoviar.com\/es\/grabacio-dun-video-amb-el-cantant-jordi\/#article","isPartOf":{"@id":"https:\/\/www.residenciajoviar.com\/es\/grabacio-dun-video-amb-el-cantant-jordi\/"},"author":{"name":"joviar","@id":"https:\/\/www.residenciajoviar.com\/#\/schema\/person\/924a71fa2a3d57e4b46891a48f2d22a9"},"headline":"Grabaci\u00f3 d&#8217;un video amb el cantant Jordi Ninus","datePublished":"2015-04-13T19:57:00+00:00","mainEntityOfPage":{"@id":"https:\/\/www.residenciajoviar.com\/es\/grabacio-dun-video-amb-el-cantant-jordi\/"},"wordCount":91,"keywords":["Jordi Ninus","joviar"],"articleSection":["Noticias"],"inLanguage":"es"},{"@type":"WebPage","@id":"https:\/\/www.residenciajoviar.com\/es\/grabacio-dun-video-amb-el-cantant-jordi\/","url":"https:\/\/www.residenciajoviar.com\/es\/grabacio-dun-video-amb-el-cantant-jordi\/","name":"Grabaci\u00f3 d'un video amb el cantant Jordi Ninus - RESID\u00c8NCIA JOVIAR - Centre lliure de contencions","isPartOf":{"@id":"https:\/\/www.residenciajoviar.com\/#website"},"datePublished":"2015-04-13T19:57:00+00:00","author":{"@id":"https:\/\/www.residenciajoviar.com\/#\/schema\/person\/924a71fa2a3d57e4b46891a48f2d22a9"},"breadcrumb":{"@id":"https:\/\/www.residenciajoviar.com\/es\/grabacio-dun-video-amb-el-cantant-jordi\/#breadcrumb"},"inLanguage":"es","potentialAction":[{"@type":"ReadAction","target":["https:\/\/www.residenciajoviar.com\/es\/grabacio-dun-video-amb-el-cantant-jordi\/"]}]},{"@type":"BreadcrumbList","@id":"https:\/\/www.residenciajoviar.com\/es\/grabacio-dun-video-amb-el-cantant-jordi\/#breadcrumb","itemListElement":[{"@type":"ListItem","position":1,"name":"Inici","item":"https:\/\/www.residenciajoviar.com\/es\/"},{"@type":"ListItem","position":2,"name":"Grabaci\u00f3 d&#8217;un video amb el cantant Jordi Ninus"}]},{"@type":"WebSite","@id":"https:\/\/www.residenciajoviar.com\/#website","url":"https:\/\/www.residenciajoviar.com\/","name":"RESID\u00c8NCIA JOVIAR - Centre lliure de contencions","description":"Centre lliure de contencions","potentialAction":[{"@type":"SearchAction","target":{"@type":"EntryPoint","urlTemplate":"https:\/\/www.residenciajoviar.com\/?s={search_term_string}"},"query-input":{"@type":"PropertyValueSpecification","valueRequired":true,"valueName":"search_term_string"}}],"inLanguage":"es"},{"@type":"Person","@id":"https:\/\/www.residenciajoviar.com\/#\/schema\/person\/924a71fa2a3d57e4b46891a48f2d22a9","name":"joviar","url":"https:\/\/www.residenciajoviar.com\/es\/author\/joviar\/"}]}},"_links":{"self":[{"href":"https:\/\/www.residenciajoviar.com\/es\/wp-json\/wp\/v2\/posts\/1218","targetHints":{"allow":["GET"]}}],"collection":[{"href":"https:\/\/www.residenciajoviar.com\/es\/wp-json\/wp\/v2\/posts"}],"about":[{"href":"https:\/\/www.residenciajoviar.com\/es\/wp-json\/wp\/v2\/types\/post"}],"author":[{"embeddable":true,"href":"https:\/\/www.residenciajoviar.com\/es\/wp-json\/wp\/v2\/users\/2"}],"replies":[{"embeddable":true,"href":"https:\/\/www.residenciajoviar.com\/es\/wp-json\/wp\/v2\/comments?post=1218"}],"version-history":[{"count":0,"href":"https:\/\/www.residenciajoviar.com\/es\/wp-json\/wp\/v2\/posts\/1218\/revisions"}],"wp:attachment":[{"href":"https:\/\/www.residenciajoviar.com\/es\/wp-json\/wp\/v2\/media?parent=1218"}],"wp:term":[{"taxonomy":"category","embeddable":true,"href":"https:\/\/www.residenciajoviar.com\/es\/wp-json\/wp\/v2\/categories?post=1218"},{"taxonomy":"post_tag","embeddable":true,"href":"https:\/\/www.residenciajoviar.com\/es\/wp-json\/wp\/v2\/tags?post=1218"}],"curies":[{"name":"wp","href":"https:\/\/api.w.org\/{rel}","templated":true}]}}