{"id":1321,"date":"2018-01-30T17:11:13","date_gmt":"2018-01-30T16:11:13","guid":{"rendered":"https:\/\/www.residenciajoviar.com\/?p=1321"},"modified":"2018-02-01T08:49:04","modified_gmt":"2018-02-01T07:49:04","slug":"visita-dels-alumnes-dauxiliar-dinfermeria-del-centre-ilerna","status":"publish","type":"post","link":"https:\/\/www.residenciajoviar.com\/es\/visita-dels-alumnes-dauxiliar-dinfermeria-del-centre-ilerna\/","title":{"rendered":"Visita dels alumnes d&#8217;auxiliar d&#8217;infermeria del centre ILERNA"},"content":{"rendered":"<p>&nbsp;<\/p>\n<p>Avui han vingut els alumnes del CFGM d&#8217;auxiliar d&#8217;infermeria a con\u00e8ixer dos projectes molt interessants posats en marxa al centre. Per una costat hem parlat de com treballa un centre lliure de contencions i els seus beneficis \u00a0i per l&#8217;altre\u00a0 costat hem ensenyat el nostre projecte intergeneracional, tan enriquidor pels nens del nostre espai infantil i els nostres usuaris.<\/p>\n<p>Agra\u00efm al centre ILERNA pel seu inter\u00e8s en la nostra tasca di\u00e0ria, i a la vegada trobem molt positiu que des de els centres educatius s&#8217;interessin per projectes on es pot evidenciar que cuidar d&#8217;una altra manera es pot.<\/p>\n<p>Per veure fotos cliqueu <a href=\"https:\/\/photos.app.goo.gl\/uRON4bi5IzlDzzH03\" target=\"_blank\" rel=\"noopener\">aqu\u00ed<\/a><\/p>\n<p>&nbsp;<\/p>\n","protected":false},"excerpt":{"rendered":"<p>&nbsp; Avui han vingut els alumnes del CFGM d&#8217;auxiliar d&#8217;infermeria a con\u00e8ixer dos projectes molt interessants posats en marxa al centre. Per una costat hem parlat de com treballa un centre lliure de contencions i els seus beneficis \u00a0i per l&#8217;altre\u00a0 costat hem ensenyat el nostre projecte intergeneracional, tan enriquidor pels nens del nostre espai [&hellip;]<\/p>\n","protected":false},"author":2,"featured_media":1325,"comment_status":"closed","ping_status":"closed","sticky":false,"template":"","format":"standard","meta":{"_acf_changed":false,"_et_pb_use_builder":"","_et_pb_old_content":"","_et_gb_content_width":"","footnotes":""},"categories":[4],"tags":[],"class_list":["post-1321","post","type-post","status-publish","format-standard","has-post-thumbnail","hentry","category-noticies"],"acf":[],"yoast_head":"<!-- This site is optimized with the Yoast SEO plugin v27.5 - https:\/\/yoast.com\/product\/yoast-seo-wordpress\/ -->\n<title>Visita dels alumnes d&#039;auxiliar d&#039;infermeria del centre ILERNA - RESID\u00c8NCIA JOVIAR - Centre lliure de contencions<\/title>\n<meta name=\"robots\" content=\"index, follow, max-snippet:-1, max-image-preview:large, max-video-preview:-1\" \/>\n<link rel=\"canonical\" href=\"https:\/\/www.residenciajoviar.com\/visita-dels-alumnes-dauxiliar-dinfermeria-del-centre-ilerna\/\" \/>\n<meta property=\"og:locale\" content=\"es_ES\" \/>\n<meta property=\"og:type\" content=\"article\" \/>\n<meta property=\"og:title\" content=\"Visita dels alumnes d&#039;auxiliar d&#039;infermeria del centre ILERNA - RESID\u00c8NCIA JOVIAR - Centre lliure de contencions\" \/>\n<meta property=\"og:description\" content=\"&nbsp; Avui han vingut els alumnes del CFGM d&#8217;auxiliar d&#8217;infermeria a con\u00e8ixer dos projectes molt interessants posats en marxa al centre. Per una costat hem parlat de com treballa un centre lliure de contencions i els seus beneficis \u00a0i per l&#8217;altre\u00a0 costat hem ensenyat el nostre projecte intergeneracional, tan enriquidor pels nens del nostre espai [&hellip;]\" \/>\n<meta property=\"og:url\" content=\"https:\/\/www.residenciajoviar.com\/visita-dels-alumnes-dauxiliar-dinfermeria-del-centre-ilerna\/\" \/>\n<meta property=\"og:site_name\" content=\"RESID\u00c8NCIA JOVIAR - Centre lliure de contencions\" \/>\n<meta property=\"article:publisher\" content=\"https:\/\/www.facebook.com\/residenciajoviar\/\" \/>\n<meta property=\"article:published_time\" content=\"2018-01-30T16:11:13+00:00\" \/>\n<meta property=\"article:modified_time\" content=\"2018-02-01T07:49:04+00:00\" \/>\n<meta property=\"og:image\" content=\"https:\/\/www.residenciajoviar.com\/wp-content\/uploads\/DSC_0487-1024x683.jpg\" \/>\n\t<meta property=\"og:image:width\" content=\"1024\" \/>\n\t<meta property=\"og:image:height\" content=\"683\" \/>\n\t<meta property=\"og:image:type\" content=\"image\/jpeg\" \/>\n<meta name=\"author\" content=\"joviar\" \/>\n<meta name=\"twitter:card\" content=\"summary_large_image\" \/>\n<meta name=\"twitter:creator\" content=\"@JoviarLleida\" \/>\n<meta name=\"twitter:site\" content=\"@JoviarLleida\" \/>\n<meta name=\"twitter:label1\" content=\"Escrito por\" \/>\n\t<meta name=\"twitter:data1\" content=\"joviar\" \/>\n\t<meta name=\"twitter:label2\" content=\"Tiempo de lectura\" \/>\n\t<meta name=\"twitter:data2\" content=\"1 minuto\" \/>\n<script type=\"application\/ld+json\" class=\"yoast-schema-graph\">{\"@context\":\"https:\\\/\\\/schema.org\",\"@graph\":[{\"@type\":\"Article\",\"@id\":\"https:\\\/\\\/www.residenciajoviar.com\\\/visita-dels-alumnes-dauxiliar-dinfermeria-del-centre-ilerna\\\/#article\",\"isPartOf\":{\"@id\":\"https:\\\/\\\/www.residenciajoviar.com\\\/visita-dels-alumnes-dauxiliar-dinfermeria-del-centre-ilerna\\\/\"},\"author\":{\"name\":\"joviar\",\"@id\":\"https:\\\/\\\/www.residenciajoviar.com\\\/#\\\/schema\\\/person\\\/924a71fa2a3d57e4b46891a48f2d22a9\"},\"headline\":\"Visita dels alumnes d&#8217;auxiliar d&#8217;infermeria del centre ILERNA\",\"datePublished\":\"2018-01-30T16:11:13+00:00\",\"dateModified\":\"2018-02-01T07:49:04+00:00\",\"mainEntityOfPage\":{\"@id\":\"https:\\\/\\\/www.residenciajoviar.com\\\/visita-dels-alumnes-dauxiliar-dinfermeria-del-centre-ilerna\\\/\"},\"wordCount\":124,\"image\":{\"@id\":\"https:\\\/\\\/www.residenciajoviar.com\\\/visita-dels-alumnes-dauxiliar-dinfermeria-del-centre-ilerna\\\/#primaryimage\"},\"thumbnailUrl\":\"https:\\\/\\\/www.residenciajoviar.com\\\/wp-content\\\/uploads\\\/DSC_0487.jpg\",\"articleSection\":[\"Not\u00edcies\"],\"inLanguage\":\"es\"},{\"@type\":\"WebPage\",\"@id\":\"https:\\\/\\\/www.residenciajoviar.com\\\/visita-dels-alumnes-dauxiliar-dinfermeria-del-centre-ilerna\\\/\",\"url\":\"https:\\\/\\\/www.residenciajoviar.com\\\/visita-dels-alumnes-dauxiliar-dinfermeria-del-centre-ilerna\\\/\",\"name\":\"Visita dels alumnes d'auxiliar d'infermeria del centre ILERNA - RESID\u00c8NCIA JOVIAR - Centre lliure de contencions\",\"isPartOf\":{\"@id\":\"https:\\\/\\\/www.residenciajoviar.com\\\/#website\"},\"primaryImageOfPage\":{\"@id\":\"https:\\\/\\\/www.residenciajoviar.com\\\/visita-dels-alumnes-dauxiliar-dinfermeria-del-centre-ilerna\\\/#primaryimage\"},\"image\":{\"@id\":\"https:\\\/\\\/www.residenciajoviar.com\\\/visita-dels-alumnes-dauxiliar-dinfermeria-del-centre-ilerna\\\/#primaryimage\"},\"thumbnailUrl\":\"https:\\\/\\\/www.residenciajoviar.com\\\/wp-content\\\/uploads\\\/DSC_0487.jpg\",\"datePublished\":\"2018-01-30T16:11:13+00:00\",\"dateModified\":\"2018-02-01T07:49:04+00:00\",\"author\":{\"@id\":\"https:\\\/\\\/www.residenciajoviar.com\\\/#\\\/schema\\\/person\\\/924a71fa2a3d57e4b46891a48f2d22a9\"},\"breadcrumb\":{\"@id\":\"https:\\\/\\\/www.residenciajoviar.com\\\/visita-dels-alumnes-dauxiliar-dinfermeria-del-centre-ilerna\\\/#breadcrumb\"},\"inLanguage\":\"es\",\"potentialAction\":[{\"@type\":\"ReadAction\",\"target\":[\"https:\\\/\\\/www.residenciajoviar.com\\\/visita-dels-alumnes-dauxiliar-dinfermeria-del-centre-ilerna\\\/\"]}]},{\"@type\":\"ImageObject\",\"inLanguage\":\"es\",\"@id\":\"https:\\\/\\\/www.residenciajoviar.com\\\/visita-dels-alumnes-dauxiliar-dinfermeria-del-centre-ilerna\\\/#primaryimage\",\"url\":\"https:\\\/\\\/www.residenciajoviar.com\\\/wp-content\\\/uploads\\\/DSC_0487.jpg\",\"contentUrl\":\"https:\\\/\\\/www.residenciajoviar.com\\\/wp-content\\\/uploads\\\/DSC_0487.jpg\",\"width\":6000,\"height\":4000},{\"@type\":\"BreadcrumbList\",\"@id\":\"https:\\\/\\\/www.residenciajoviar.com\\\/visita-dels-alumnes-dauxiliar-dinfermeria-del-centre-ilerna\\\/#breadcrumb\",\"itemListElement\":[{\"@type\":\"ListItem\",\"position\":1,\"name\":\"Inici\",\"item\":\"https:\\\/\\\/www.residenciajoviar.com\\\/es\\\/\"},{\"@type\":\"ListItem\",\"position\":2,\"name\":\"Visita dels alumnes d&#8217;auxiliar d&#8217;infermeria del centre ILERNA\"}]},{\"@type\":\"WebSite\",\"@id\":\"https:\\\/\\\/www.residenciajoviar.com\\\/#website\",\"url\":\"https:\\\/\\\/www.residenciajoviar.com\\\/\",\"name\":\"RESID\u00c8NCIA JOVIAR - Centre lliure de contencions\",\"description\":\"Centre lliure de contencions\",\"potentialAction\":[{\"@type\":\"SearchAction\",\"target\":{\"@type\":\"EntryPoint\",\"urlTemplate\":\"https:\\\/\\\/www.residenciajoviar.com\\\/?s={search_term_string}\"},\"query-input\":{\"@type\":\"PropertyValueSpecification\",\"valueRequired\":true,\"valueName\":\"search_term_string\"}}],\"inLanguage\":\"es\"},{\"@type\":\"Person\",\"@id\":\"https:\\\/\\\/www.residenciajoviar.com\\\/#\\\/schema\\\/person\\\/924a71fa2a3d57e4b46891a48f2d22a9\",\"name\":\"joviar\",\"url\":\"https:\\\/\\\/www.residenciajoviar.com\\\/es\\\/author\\\/joviar\\\/\"}]}<\/script>\n<!-- \/ Yoast SEO plugin. -->","yoast_head_json":{"title":"Visita dels alumnes d'auxiliar d'infermeria del centre ILERNA - RESID\u00c8NCIA JOVIAR - Centre lliure de contencions","robots":{"index":"index","follow":"follow","max-snippet":"max-snippet:-1","max-image-preview":"max-image-preview:large","max-video-preview":"max-video-preview:-1"},"canonical":"https:\/\/www.residenciajoviar.com\/visita-dels-alumnes-dauxiliar-dinfermeria-del-centre-ilerna\/","og_locale":"es_ES","og_type":"article","og_title":"Visita dels alumnes d'auxiliar d'infermeria del centre ILERNA - RESID\u00c8NCIA JOVIAR - Centre lliure de contencions","og_description":"&nbsp; Avui han vingut els alumnes del CFGM d&#8217;auxiliar d&#8217;infermeria a con\u00e8ixer dos projectes molt interessants posats en marxa al centre. Per una costat hem parlat de com treballa un centre lliure de contencions i els seus beneficis \u00a0i per l&#8217;altre\u00a0 costat hem ensenyat el nostre projecte intergeneracional, tan enriquidor pels nens del nostre espai [&hellip;]","og_url":"https:\/\/www.residenciajoviar.com\/visita-dels-alumnes-dauxiliar-dinfermeria-del-centre-ilerna\/","og_site_name":"RESID\u00c8NCIA JOVIAR - Centre lliure de contencions","article_publisher":"https:\/\/www.facebook.com\/residenciajoviar\/","article_published_time":"2018-01-30T16:11:13+00:00","article_modified_time":"2018-02-01T07:49:04+00:00","og_image":[{"width":1024,"height":683,"url":"https:\/\/www.residenciajoviar.com\/wp-content\/uploads\/DSC_0487-1024x683.jpg","type":"image\/jpeg"}],"author":"joviar","twitter_card":"summary_large_image","twitter_creator":"@JoviarLleida","twitter_site":"@JoviarLleida","twitter_misc":{"Escrito por":"joviar","Tiempo de lectura":"1 minuto"},"schema":{"@context":"https:\/\/schema.org","@graph":[{"@type":"Article","@id":"https:\/\/www.residenciajoviar.com\/visita-dels-alumnes-dauxiliar-dinfermeria-del-centre-ilerna\/#article","isPartOf":{"@id":"https:\/\/www.residenciajoviar.com\/visita-dels-alumnes-dauxiliar-dinfermeria-del-centre-ilerna\/"},"author":{"name":"joviar","@id":"https:\/\/www.residenciajoviar.com\/#\/schema\/person\/924a71fa2a3d57e4b46891a48f2d22a9"},"headline":"Visita dels alumnes d&#8217;auxiliar d&#8217;infermeria del centre ILERNA","datePublished":"2018-01-30T16:11:13+00:00","dateModified":"2018-02-01T07:49:04+00:00","mainEntityOfPage":{"@id":"https:\/\/www.residenciajoviar.com\/visita-dels-alumnes-dauxiliar-dinfermeria-del-centre-ilerna\/"},"wordCount":124,"image":{"@id":"https:\/\/www.residenciajoviar.com\/visita-dels-alumnes-dauxiliar-dinfermeria-del-centre-ilerna\/#primaryimage"},"thumbnailUrl":"https:\/\/www.residenciajoviar.com\/wp-content\/uploads\/DSC_0487.jpg","articleSection":["Not\u00edcies"],"inLanguage":"es"},{"@type":"WebPage","@id":"https:\/\/www.residenciajoviar.com\/visita-dels-alumnes-dauxiliar-dinfermeria-del-centre-ilerna\/","url":"https:\/\/www.residenciajoviar.com\/visita-dels-alumnes-dauxiliar-dinfermeria-del-centre-ilerna\/","name":"Visita dels alumnes d'auxiliar d'infermeria del centre ILERNA - RESID\u00c8NCIA JOVIAR - Centre lliure de contencions","isPartOf":{"@id":"https:\/\/www.residenciajoviar.com\/#website"},"primaryImageOfPage":{"@id":"https:\/\/www.residenciajoviar.com\/visita-dels-alumnes-dauxiliar-dinfermeria-del-centre-ilerna\/#primaryimage"},"image":{"@id":"https:\/\/www.residenciajoviar.com\/visita-dels-alumnes-dauxiliar-dinfermeria-del-centre-ilerna\/#primaryimage"},"thumbnailUrl":"https:\/\/www.residenciajoviar.com\/wp-content\/uploads\/DSC_0487.jpg","datePublished":"2018-01-30T16:11:13+00:00","dateModified":"2018-02-01T07:49:04+00:00","author":{"@id":"https:\/\/www.residenciajoviar.com\/#\/schema\/person\/924a71fa2a3d57e4b46891a48f2d22a9"},"breadcrumb":{"@id":"https:\/\/www.residenciajoviar.com\/visita-dels-alumnes-dauxiliar-dinfermeria-del-centre-ilerna\/#breadcrumb"},"inLanguage":"es","potentialAction":[{"@type":"ReadAction","target":["https:\/\/www.residenciajoviar.com\/visita-dels-alumnes-dauxiliar-dinfermeria-del-centre-ilerna\/"]}]},{"@type":"ImageObject","inLanguage":"es","@id":"https:\/\/www.residenciajoviar.com\/visita-dels-alumnes-dauxiliar-dinfermeria-del-centre-ilerna\/#primaryimage","url":"https:\/\/www.residenciajoviar.com\/wp-content\/uploads\/DSC_0487.jpg","contentUrl":"https:\/\/www.residenciajoviar.com\/wp-content\/uploads\/DSC_0487.jpg","width":6000,"height":4000},{"@type":"BreadcrumbList","@id":"https:\/\/www.residenciajoviar.com\/visita-dels-alumnes-dauxiliar-dinfermeria-del-centre-ilerna\/#breadcrumb","itemListElement":[{"@type":"ListItem","position":1,"name":"Inici","item":"https:\/\/www.residenciajoviar.com\/es\/"},{"@type":"ListItem","position":2,"name":"Visita dels alumnes d&#8217;auxiliar d&#8217;infermeria del centre ILERNA"}]},{"@type":"WebSite","@id":"https:\/\/www.residenciajoviar.com\/#website","url":"https:\/\/www.residenciajoviar.com\/","name":"RESID\u00c8NCIA JOVIAR - Centre lliure de contencions","description":"Centre lliure de contencions","potentialAction":[{"@type":"SearchAction","target":{"@type":"EntryPoint","urlTemplate":"https:\/\/www.residenciajoviar.com\/?s={search_term_string}"},"query-input":{"@type":"PropertyValueSpecification","valueRequired":true,"valueName":"search_term_string"}}],"inLanguage":"es"},{"@type":"Person","@id":"https:\/\/www.residenciajoviar.com\/#\/schema\/person\/924a71fa2a3d57e4b46891a48f2d22a9","name":"joviar","url":"https:\/\/www.residenciajoviar.com\/es\/author\/joviar\/"}]}},"_links":{"self":[{"href":"https:\/\/www.residenciajoviar.com\/es\/wp-json\/wp\/v2\/posts\/1321","targetHints":{"allow":["GET"]}}],"collection":[{"href":"https:\/\/www.residenciajoviar.com\/es\/wp-json\/wp\/v2\/posts"}],"about":[{"href":"https:\/\/www.residenciajoviar.com\/es\/wp-json\/wp\/v2\/types\/post"}],"author":[{"embeddable":true,"href":"https:\/\/www.residenciajoviar.com\/es\/wp-json\/wp\/v2\/users\/2"}],"replies":[{"embeddable":true,"href":"https:\/\/www.residenciajoviar.com\/es\/wp-json\/wp\/v2\/comments?post=1321"}],"version-history":[{"count":0,"href":"https:\/\/www.residenciajoviar.com\/es\/wp-json\/wp\/v2\/posts\/1321\/revisions"}],"wp:featuredmedia":[{"embeddable":true,"href":"https:\/\/www.residenciajoviar.com\/es\/wp-json\/wp\/v2\/media\/1325"}],"wp:attachment":[{"href":"https:\/\/www.residenciajoviar.com\/es\/wp-json\/wp\/v2\/media?parent=1321"}],"wp:term":[{"taxonomy":"category","embeddable":true,"href":"https:\/\/www.residenciajoviar.com\/es\/wp-json\/wp\/v2\/categories?post=1321"},{"taxonomy":"post_tag","embeddable":true,"href":"https:\/\/www.residenciajoviar.com\/es\/wp-json\/wp\/v2\/tags?post=1321"}],"curies":[{"name":"wp","href":"https:\/\/api.w.org\/{rel}","templated":true}]}}