{"id":1585,"date":"2021-03-23T19:03:23","date_gmt":"2021-03-23T18:03:23","guid":{"rendered":"https:\/\/www.residenciajoviar.com\/?p=1585"},"modified":"2021-04-11T19:24:41","modified_gmt":"2021-04-11T17:24:41","slug":"calcotada-de-la-mano-de-la-indicacion-geografica-protegida","status":"publish","type":"post","link":"https:\/\/www.residenciajoviar.com\/es\/calcotada-de-la-mano-de-la-indicacion-geografica-protegida\/","title":{"rendered":"&#8216;Cal\u00e7otada&#8217; de la mano de la Indicaci\u00f3n Geogr\u00e1fica Protegida"},"content":{"rendered":"<p>El Centro Residencial Joviar disfrut\u00f3 de una &#8216;cal\u00e7otada&#8217; gracias a los productores y productoras de la Indicaci\u00f3n Geogr\u00e1fica Protegida (IGP) Cal\u00e7ot de Valls.<br \/>\nEn este video pod\u00e9is ver como disfrutamos de este producto, un alimento de gran riqueza nutricional, en especial de fibra y vitaminas.<br \/>\n<iframe loading=\"lazy\" title=\"Cal\u00e7otada al Centre Residencial Joviar 2021\" width=\"1080\" height=\"608\" src=\"https:\/\/www.youtube.com\/embed\/pSriKp1C4bw?feature=oembed\"  allow=\"accelerometer; autoplay; clipboard-write; encrypted-media; gyroscope; picture-in-picture\" allowfullscreen><\/iframe><\/p>\n","protected":false},"excerpt":{"rendered":"<p>El Centro Residencial Joviar disfrut\u00f3 de una &#8216;cal\u00e7otada&#8217; gracias a los productores y productoras de la Indicaci\u00f3n Geogr\u00e1fica Protegida (IGP) Cal\u00e7ot de Valls.<\/p>\n","protected":false},"author":2,"featured_media":1599,"comment_status":"closed","ping_status":"closed","sticky":false,"template":"","format":"standard","meta":{"_acf_changed":false,"_et_pb_use_builder":"","_et_pb_old_content":"","_et_gb_content_width":"","footnotes":""},"categories":[85],"tags":[173],"class_list":["post-1585","post","type-post","status-publish","format-standard","has-post-thumbnail","hentry","category-noticias","tag-calcotada-2021-es"],"acf":[],"yoast_head":"<!-- This site is optimized with the Yoast SEO plugin v27.5 - https:\/\/yoast.com\/product\/yoast-seo-wordpress\/ -->\n<title>&#039;Cal\u00e7otada&#039; de la mano de la Indicaci\u00f3n Geogr\u00e1fica Protegida - RESID\u00c8NCIA JOVIAR - Centre lliure de contencions<\/title>\n<meta name=\"robots\" content=\"index, follow, max-snippet:-1, max-image-preview:large, max-video-preview:-1\" \/>\n<link rel=\"canonical\" href=\"https:\/\/www.residenciajoviar.com\/es\/calcotada-de-la-mano-de-la-indicacion-geografica-protegida\/\" \/>\n<meta property=\"og:locale\" content=\"es_ES\" \/>\n<meta property=\"og:type\" content=\"article\" \/>\n<meta property=\"og:title\" content=\"&#039;Cal\u00e7otada&#039; de la mano de la Indicaci\u00f3n Geogr\u00e1fica Protegida - RESID\u00c8NCIA JOVIAR - Centre lliure de contencions\" \/>\n<meta property=\"og:description\" content=\"El Centro Residencial Joviar disfrut\u00f3 de una &#039;cal\u00e7otada&#039; gracias a los productores y productoras de la Indicaci\u00f3n Geogr\u00e1fica Protegida (IGP) Cal\u00e7ot de Valls.\" \/>\n<meta property=\"og:url\" content=\"https:\/\/www.residenciajoviar.com\/es\/calcotada-de-la-mano-de-la-indicacion-geografica-protegida\/\" \/>\n<meta property=\"og:site_name\" content=\"RESID\u00c8NCIA JOVIAR - Centre lliure de contencions\" \/>\n<meta property=\"article:publisher\" content=\"https:\/\/www.facebook.com\/residenciajoviar\/\" \/>\n<meta property=\"article:published_time\" content=\"2021-03-23T18:03:23+00:00\" \/>\n<meta property=\"article:modified_time\" content=\"2021-04-11T17:24:41+00:00\" \/>\n<meta property=\"og:image\" content=\"https:\/\/www.residenciajoviar.com\/wp-content\/uploads\/Screenshot_2021-04-11-Calcotada-al-Centre-Residencial-Joviar-2021.png\" \/>\n\t<meta property=\"og:image:width\" content=\"1087\" \/>\n\t<meta property=\"og:image:height\" content=\"556\" \/>\n\t<meta property=\"og:image:type\" content=\"image\/png\" \/>\n<meta name=\"author\" content=\"joviar\" \/>\n<meta name=\"twitter:card\" content=\"summary_large_image\" \/>\n<meta name=\"twitter:creator\" content=\"@JoviarLleida\" \/>\n<meta name=\"twitter:site\" content=\"@JoviarLleida\" \/>\n<meta name=\"twitter:label1\" content=\"Escrito por\" \/>\n\t<meta name=\"twitter:data1\" content=\"joviar\" \/>\n\t<meta name=\"twitter:label2\" content=\"Tiempo de lectura\" \/>\n\t<meta name=\"twitter:data2\" content=\"1 minuto\" \/>\n<script type=\"application\/ld+json\" class=\"yoast-schema-graph\">{\"@context\":\"https:\\\/\\\/schema.org\",\"@graph\":[{\"@type\":\"Article\",\"@id\":\"https:\\\/\\\/www.residenciajoviar.com\\\/es\\\/calcotada-de-la-mano-de-la-indicacion-geografica-protegida\\\/#article\",\"isPartOf\":{\"@id\":\"https:\\\/\\\/www.residenciajoviar.com\\\/es\\\/calcotada-de-la-mano-de-la-indicacion-geografica-protegida\\\/\"},\"author\":{\"name\":\"joviar\",\"@id\":\"https:\\\/\\\/www.residenciajoviar.com\\\/#\\\/schema\\\/person\\\/924a71fa2a3d57e4b46891a48f2d22a9\"},\"headline\":\"&#8216;Cal\u00e7otada&#8217; de la mano de la Indicaci\u00f3n Geogr\u00e1fica Protegida\",\"datePublished\":\"2021-03-23T18:03:23+00:00\",\"dateModified\":\"2021-04-11T17:24:41+00:00\",\"mainEntityOfPage\":{\"@id\":\"https:\\\/\\\/www.residenciajoviar.com\\\/es\\\/calcotada-de-la-mano-de-la-indicacion-geografica-protegida\\\/\"},\"wordCount\":68,\"image\":{\"@id\":\"https:\\\/\\\/www.residenciajoviar.com\\\/es\\\/calcotada-de-la-mano-de-la-indicacion-geografica-protegida\\\/#primaryimage\"},\"thumbnailUrl\":\"https:\\\/\\\/www.residenciajoviar.com\\\/wp-content\\\/uploads\\\/Screenshot_2021-04-11-Calcotada-al-Centre-Residencial-Joviar-2021.png\",\"keywords\":[\"Cal\u00e7otada 2021\"],\"articleSection\":[\"Noticias\"],\"inLanguage\":\"es\"},{\"@type\":\"WebPage\",\"@id\":\"https:\\\/\\\/www.residenciajoviar.com\\\/es\\\/calcotada-de-la-mano-de-la-indicacion-geografica-protegida\\\/\",\"url\":\"https:\\\/\\\/www.residenciajoviar.com\\\/es\\\/calcotada-de-la-mano-de-la-indicacion-geografica-protegida\\\/\",\"name\":\"'Cal\u00e7otada' de la mano de la Indicaci\u00f3n Geogr\u00e1fica Protegida - RESID\u00c8NCIA JOVIAR - Centre lliure de contencions\",\"isPartOf\":{\"@id\":\"https:\\\/\\\/www.residenciajoviar.com\\\/#website\"},\"primaryImageOfPage\":{\"@id\":\"https:\\\/\\\/www.residenciajoviar.com\\\/es\\\/calcotada-de-la-mano-de-la-indicacion-geografica-protegida\\\/#primaryimage\"},\"image\":{\"@id\":\"https:\\\/\\\/www.residenciajoviar.com\\\/es\\\/calcotada-de-la-mano-de-la-indicacion-geografica-protegida\\\/#primaryimage\"},\"thumbnailUrl\":\"https:\\\/\\\/www.residenciajoviar.com\\\/wp-content\\\/uploads\\\/Screenshot_2021-04-11-Calcotada-al-Centre-Residencial-Joviar-2021.png\",\"datePublished\":\"2021-03-23T18:03:23+00:00\",\"dateModified\":\"2021-04-11T17:24:41+00:00\",\"author\":{\"@id\":\"https:\\\/\\\/www.residenciajoviar.com\\\/#\\\/schema\\\/person\\\/924a71fa2a3d57e4b46891a48f2d22a9\"},\"breadcrumb\":{\"@id\":\"https:\\\/\\\/www.residenciajoviar.com\\\/es\\\/calcotada-de-la-mano-de-la-indicacion-geografica-protegida\\\/#breadcrumb\"},\"inLanguage\":\"es\",\"potentialAction\":[{\"@type\":\"ReadAction\",\"target\":[\"https:\\\/\\\/www.residenciajoviar.com\\\/es\\\/calcotada-de-la-mano-de-la-indicacion-geografica-protegida\\\/\"]}]},{\"@type\":\"ImageObject\",\"inLanguage\":\"es\",\"@id\":\"https:\\\/\\\/www.residenciajoviar.com\\\/es\\\/calcotada-de-la-mano-de-la-indicacion-geografica-protegida\\\/#primaryimage\",\"url\":\"https:\\\/\\\/www.residenciajoviar.com\\\/wp-content\\\/uploads\\\/Screenshot_2021-04-11-Calcotada-al-Centre-Residencial-Joviar-2021.png\",\"contentUrl\":\"https:\\\/\\\/www.residenciajoviar.com\\\/wp-content\\\/uploads\\\/Screenshot_2021-04-11-Calcotada-al-Centre-Residencial-Joviar-2021.png\",\"width\":1087,\"height\":556,\"caption\":\"Cal\u00e7otada 2021\"},{\"@type\":\"BreadcrumbList\",\"@id\":\"https:\\\/\\\/www.residenciajoviar.com\\\/es\\\/calcotada-de-la-mano-de-la-indicacion-geografica-protegida\\\/#breadcrumb\",\"itemListElement\":[{\"@type\":\"ListItem\",\"position\":1,\"name\":\"Inici\",\"item\":\"https:\\\/\\\/www.residenciajoviar.com\\\/es\\\/\"},{\"@type\":\"ListItem\",\"position\":2,\"name\":\"&#8216;Cal\u00e7otada&#8217; de la mano de la Indicaci\u00f3n Geogr\u00e1fica Protegida\"}]},{\"@type\":\"WebSite\",\"@id\":\"https:\\\/\\\/www.residenciajoviar.com\\\/#website\",\"url\":\"https:\\\/\\\/www.residenciajoviar.com\\\/\",\"name\":\"RESID\u00c8NCIA JOVIAR - Centre lliure de contencions\",\"description\":\"Centre lliure de contencions\",\"potentialAction\":[{\"@type\":\"SearchAction\",\"target\":{\"@type\":\"EntryPoint\",\"urlTemplate\":\"https:\\\/\\\/www.residenciajoviar.com\\\/?s={search_term_string}\"},\"query-input\":{\"@type\":\"PropertyValueSpecification\",\"valueRequired\":true,\"valueName\":\"search_term_string\"}}],\"inLanguage\":\"es\"},{\"@type\":\"Person\",\"@id\":\"https:\\\/\\\/www.residenciajoviar.com\\\/#\\\/schema\\\/person\\\/924a71fa2a3d57e4b46891a48f2d22a9\",\"name\":\"joviar\",\"url\":\"https:\\\/\\\/www.residenciajoviar.com\\\/es\\\/author\\\/joviar\\\/\"}]}<\/script>\n<!-- \/ Yoast SEO plugin. -->","yoast_head_json":{"title":"'Cal\u00e7otada' de la mano de la Indicaci\u00f3n Geogr\u00e1fica Protegida - RESID\u00c8NCIA JOVIAR - Centre lliure de contencions","robots":{"index":"index","follow":"follow","max-snippet":"max-snippet:-1","max-image-preview":"max-image-preview:large","max-video-preview":"max-video-preview:-1"},"canonical":"https:\/\/www.residenciajoviar.com\/es\/calcotada-de-la-mano-de-la-indicacion-geografica-protegida\/","og_locale":"es_ES","og_type":"article","og_title":"'Cal\u00e7otada' de la mano de la Indicaci\u00f3n Geogr\u00e1fica Protegida - RESID\u00c8NCIA JOVIAR - Centre lliure de contencions","og_description":"El Centro Residencial Joviar disfrut\u00f3 de una 'cal\u00e7otada' gracias a los productores y productoras de la Indicaci\u00f3n Geogr\u00e1fica Protegida (IGP) Cal\u00e7ot de Valls.","og_url":"https:\/\/www.residenciajoviar.com\/es\/calcotada-de-la-mano-de-la-indicacion-geografica-protegida\/","og_site_name":"RESID\u00c8NCIA JOVIAR - Centre lliure de contencions","article_publisher":"https:\/\/www.facebook.com\/residenciajoviar\/","article_published_time":"2021-03-23T18:03:23+00:00","article_modified_time":"2021-04-11T17:24:41+00:00","og_image":[{"width":1087,"height":556,"url":"https:\/\/www.residenciajoviar.com\/wp-content\/uploads\/Screenshot_2021-04-11-Calcotada-al-Centre-Residencial-Joviar-2021.png","type":"image\/png"}],"author":"joviar","twitter_card":"summary_large_image","twitter_creator":"@JoviarLleida","twitter_site":"@JoviarLleida","twitter_misc":{"Escrito por":"joviar","Tiempo de lectura":"1 minuto"},"schema":{"@context":"https:\/\/schema.org","@graph":[{"@type":"Article","@id":"https:\/\/www.residenciajoviar.com\/es\/calcotada-de-la-mano-de-la-indicacion-geografica-protegida\/#article","isPartOf":{"@id":"https:\/\/www.residenciajoviar.com\/es\/calcotada-de-la-mano-de-la-indicacion-geografica-protegida\/"},"author":{"name":"joviar","@id":"https:\/\/www.residenciajoviar.com\/#\/schema\/person\/924a71fa2a3d57e4b46891a48f2d22a9"},"headline":"&#8216;Cal\u00e7otada&#8217; de la mano de la Indicaci\u00f3n Geogr\u00e1fica Protegida","datePublished":"2021-03-23T18:03:23+00:00","dateModified":"2021-04-11T17:24:41+00:00","mainEntityOfPage":{"@id":"https:\/\/www.residenciajoviar.com\/es\/calcotada-de-la-mano-de-la-indicacion-geografica-protegida\/"},"wordCount":68,"image":{"@id":"https:\/\/www.residenciajoviar.com\/es\/calcotada-de-la-mano-de-la-indicacion-geografica-protegida\/#primaryimage"},"thumbnailUrl":"https:\/\/www.residenciajoviar.com\/wp-content\/uploads\/Screenshot_2021-04-11-Calcotada-al-Centre-Residencial-Joviar-2021.png","keywords":["Cal\u00e7otada 2021"],"articleSection":["Noticias"],"inLanguage":"es"},{"@type":"WebPage","@id":"https:\/\/www.residenciajoviar.com\/es\/calcotada-de-la-mano-de-la-indicacion-geografica-protegida\/","url":"https:\/\/www.residenciajoviar.com\/es\/calcotada-de-la-mano-de-la-indicacion-geografica-protegida\/","name":"'Cal\u00e7otada' de la mano de la Indicaci\u00f3n Geogr\u00e1fica Protegida - RESID\u00c8NCIA JOVIAR - Centre lliure de contencions","isPartOf":{"@id":"https:\/\/www.residenciajoviar.com\/#website"},"primaryImageOfPage":{"@id":"https:\/\/www.residenciajoviar.com\/es\/calcotada-de-la-mano-de-la-indicacion-geografica-protegida\/#primaryimage"},"image":{"@id":"https:\/\/www.residenciajoviar.com\/es\/calcotada-de-la-mano-de-la-indicacion-geografica-protegida\/#primaryimage"},"thumbnailUrl":"https:\/\/www.residenciajoviar.com\/wp-content\/uploads\/Screenshot_2021-04-11-Calcotada-al-Centre-Residencial-Joviar-2021.png","datePublished":"2021-03-23T18:03:23+00:00","dateModified":"2021-04-11T17:24:41+00:00","author":{"@id":"https:\/\/www.residenciajoviar.com\/#\/schema\/person\/924a71fa2a3d57e4b46891a48f2d22a9"},"breadcrumb":{"@id":"https:\/\/www.residenciajoviar.com\/es\/calcotada-de-la-mano-de-la-indicacion-geografica-protegida\/#breadcrumb"},"inLanguage":"es","potentialAction":[{"@type":"ReadAction","target":["https:\/\/www.residenciajoviar.com\/es\/calcotada-de-la-mano-de-la-indicacion-geografica-protegida\/"]}]},{"@type":"ImageObject","inLanguage":"es","@id":"https:\/\/www.residenciajoviar.com\/es\/calcotada-de-la-mano-de-la-indicacion-geografica-protegida\/#primaryimage","url":"https:\/\/www.residenciajoviar.com\/wp-content\/uploads\/Screenshot_2021-04-11-Calcotada-al-Centre-Residencial-Joviar-2021.png","contentUrl":"https:\/\/www.residenciajoviar.com\/wp-content\/uploads\/Screenshot_2021-04-11-Calcotada-al-Centre-Residencial-Joviar-2021.png","width":1087,"height":556,"caption":"Cal\u00e7otada 2021"},{"@type":"BreadcrumbList","@id":"https:\/\/www.residenciajoviar.com\/es\/calcotada-de-la-mano-de-la-indicacion-geografica-protegida\/#breadcrumb","itemListElement":[{"@type":"ListItem","position":1,"name":"Inici","item":"https:\/\/www.residenciajoviar.com\/es\/"},{"@type":"ListItem","position":2,"name":"&#8216;Cal\u00e7otada&#8217; de la mano de la Indicaci\u00f3n Geogr\u00e1fica Protegida"}]},{"@type":"WebSite","@id":"https:\/\/www.residenciajoviar.com\/#website","url":"https:\/\/www.residenciajoviar.com\/","name":"RESID\u00c8NCIA JOVIAR - Centre lliure de contencions","description":"Centre lliure de contencions","potentialAction":[{"@type":"SearchAction","target":{"@type":"EntryPoint","urlTemplate":"https:\/\/www.residenciajoviar.com\/?s={search_term_string}"},"query-input":{"@type":"PropertyValueSpecification","valueRequired":true,"valueName":"search_term_string"}}],"inLanguage":"es"},{"@type":"Person","@id":"https:\/\/www.residenciajoviar.com\/#\/schema\/person\/924a71fa2a3d57e4b46891a48f2d22a9","name":"joviar","url":"https:\/\/www.residenciajoviar.com\/es\/author\/joviar\/"}]}},"_links":{"self":[{"href":"https:\/\/www.residenciajoviar.com\/es\/wp-json\/wp\/v2\/posts\/1585","targetHints":{"allow":["GET"]}}],"collection":[{"href":"https:\/\/www.residenciajoviar.com\/es\/wp-json\/wp\/v2\/posts"}],"about":[{"href":"https:\/\/www.residenciajoviar.com\/es\/wp-json\/wp\/v2\/types\/post"}],"author":[{"embeddable":true,"href":"https:\/\/www.residenciajoviar.com\/es\/wp-json\/wp\/v2\/users\/2"}],"replies":[{"embeddable":true,"href":"https:\/\/www.residenciajoviar.com\/es\/wp-json\/wp\/v2\/comments?post=1585"}],"version-history":[{"count":0,"href":"https:\/\/www.residenciajoviar.com\/es\/wp-json\/wp\/v2\/posts\/1585\/revisions"}],"wp:featuredmedia":[{"embeddable":true,"href":"https:\/\/www.residenciajoviar.com\/es\/wp-json\/wp\/v2\/media\/1599"}],"wp:attachment":[{"href":"https:\/\/www.residenciajoviar.com\/es\/wp-json\/wp\/v2\/media?parent=1585"}],"wp:term":[{"taxonomy":"category","embeddable":true,"href":"https:\/\/www.residenciajoviar.com\/es\/wp-json\/wp\/v2\/categories?post=1585"},{"taxonomy":"post_tag","embeddable":true,"href":"https:\/\/www.residenciajoviar.com\/es\/wp-json\/wp\/v2\/tags?post=1585"}],"curies":[{"name":"wp","href":"https:\/\/api.w.org\/{rel}","templated":true}]}}