{"id":1870,"date":"2021-06-02T20:11:37","date_gmt":"2021-06-02T18:11:37","guid":{"rendered":"https:\/\/www.residenciajoviar.com\/?p=1870"},"modified":"2021-06-30T20:14:50","modified_gmt":"2021-06-30T18:14:50","slug":"taller-destimulacio-cognitiva","status":"publish","type":"post","link":"https:\/\/www.residenciajoviar.com\/es\/taller-destimulacio-cognitiva\/","title":{"rendered":"Taller d&#8217;estimulaci\u00f3 cognitiva"},"content":{"rendered":"<p>Taller d&#8217;estimulaci\u00f3 cognitiva per ajudar-nos en el nostre dia a dia.<\/p>\n<p><img loading=\"lazy\" decoding=\"async\" class=\"alignnone size-medium wp-image-1871\" src=\"https:\/\/www.residenciajoviar.com\/wp-content\/uploads\/IMG-20210602-WA0016-300x225.jpg\" alt=\"\" width=\"300\" height=\"225\" \/> <img loading=\"lazy\" decoding=\"async\" class=\"alignnone size-medium wp-image-1873\" src=\"https:\/\/www.residenciajoviar.com\/wp-content\/uploads\/IMG-20210602-WA0017-300x225.jpg\" alt=\"\" width=\"300\" height=\"225\" \/><\/p>\n","protected":false},"excerpt":{"rendered":"<p>Taller d&#8217;estimulaci\u00f3 cognitiva per ajudar-nos en el nostre dia a dia.<\/p>\n","protected":false},"author":2,"featured_media":1871,"comment_status":"closed","ping_status":"closed","sticky":false,"template":"","format":"standard","meta":{"_acf_changed":false,"_et_pb_use_builder":"","_et_pb_old_content":"","_et_gb_content_width":"","footnotes":""},"categories":[4],"tags":[199,198],"class_list":["post-1870","post","type-post","status-publish","format-standard","has-post-thumbnail","hentry","category-noticies","tag-centre-residencial-joviar","tag-taller-estimulacio-cognitiva"],"acf":[],"yoast_head":"<!-- This site is optimized with the Yoast SEO plugin v27.5 - https:\/\/yoast.com\/product\/yoast-seo-wordpress\/ -->\n<title>Taller d&#039;estimulaci\u00f3 cognitiva - RESID\u00c8NCIA JOVIAR - Centre lliure de contencions<\/title>\n<meta name=\"robots\" content=\"index, follow, max-snippet:-1, max-image-preview:large, max-video-preview:-1\" \/>\n<link rel=\"canonical\" href=\"https:\/\/www.residenciajoviar.com\/taller-destimulacio-cognitiva\/\" \/>\n<meta property=\"og:locale\" content=\"es_ES\" \/>\n<meta property=\"og:type\" content=\"article\" \/>\n<meta property=\"og:title\" content=\"Taller d&#039;estimulaci\u00f3 cognitiva - RESID\u00c8NCIA JOVIAR - Centre lliure de contencions\" \/>\n<meta property=\"og:description\" content=\"Taller d&#039;estimulaci\u00f3 cognitiva per ajudar-nos en el nostre dia a dia.\" \/>\n<meta property=\"og:url\" content=\"https:\/\/www.residenciajoviar.com\/taller-destimulacio-cognitiva\/\" \/>\n<meta property=\"og:site_name\" content=\"RESID\u00c8NCIA JOVIAR - Centre lliure de contencions\" \/>\n<meta property=\"article:publisher\" content=\"https:\/\/www.facebook.com\/residenciajoviar\/\" \/>\n<meta property=\"article:published_time\" content=\"2021-06-02T18:11:37+00:00\" \/>\n<meta property=\"article:modified_time\" content=\"2021-06-30T18:14:50+00:00\" \/>\n<meta property=\"og:image\" content=\"https:\/\/www.residenciajoviar.com\/wp-content\/uploads\/IMG-20210602-WA0016.jpg\" \/>\n\t<meta property=\"og:image:width\" content=\"1600\" \/>\n\t<meta property=\"og:image:height\" content=\"1200\" \/>\n\t<meta property=\"og:image:type\" content=\"image\/jpeg\" \/>\n<meta name=\"author\" content=\"joviar\" \/>\n<meta name=\"twitter:card\" content=\"summary_large_image\" \/>\n<meta name=\"twitter:creator\" content=\"@JoviarLleida\" \/>\n<meta name=\"twitter:site\" content=\"@JoviarLleida\" \/>\n<meta name=\"twitter:label1\" content=\"Escrito por\" \/>\n\t<meta name=\"twitter:data1\" content=\"joviar\" \/>\n\t<meta name=\"twitter:label2\" content=\"Tiempo de lectura\" \/>\n\t<meta name=\"twitter:data2\" content=\"1 minuto\" \/>\n<script type=\"application\/ld+json\" class=\"yoast-schema-graph\">{\"@context\":\"https:\\\/\\\/schema.org\",\"@graph\":[{\"@type\":\"Article\",\"@id\":\"https:\\\/\\\/www.residenciajoviar.com\\\/taller-destimulacio-cognitiva\\\/#article\",\"isPartOf\":{\"@id\":\"https:\\\/\\\/www.residenciajoviar.com\\\/taller-destimulacio-cognitiva\\\/\"},\"author\":{\"name\":\"joviar\",\"@id\":\"https:\\\/\\\/www.residenciajoviar.com\\\/#\\\/schema\\\/person\\\/924a71fa2a3d57e4b46891a48f2d22a9\"},\"headline\":\"Taller d&#8217;estimulaci\u00f3 cognitiva\",\"datePublished\":\"2021-06-02T18:11:37+00:00\",\"dateModified\":\"2021-06-30T18:14:50+00:00\",\"mainEntityOfPage\":{\"@id\":\"https:\\\/\\\/www.residenciajoviar.com\\\/taller-destimulacio-cognitiva\\\/\"},\"wordCount\":16,\"image\":{\"@id\":\"https:\\\/\\\/www.residenciajoviar.com\\\/taller-destimulacio-cognitiva\\\/#primaryimage\"},\"thumbnailUrl\":\"https:\\\/\\\/www.residenciajoviar.com\\\/wp-content\\\/uploads\\\/IMG-20210602-WA0016.jpg\",\"keywords\":[\"Centre Residencial Joviar\",\"Taller estimulaci\u00f3 cognitiva\"],\"articleSection\":[\"Not\u00edcies\"],\"inLanguage\":\"es\"},{\"@type\":\"WebPage\",\"@id\":\"https:\\\/\\\/www.residenciajoviar.com\\\/taller-destimulacio-cognitiva\\\/\",\"url\":\"https:\\\/\\\/www.residenciajoviar.com\\\/taller-destimulacio-cognitiva\\\/\",\"name\":\"Taller d'estimulaci\u00f3 cognitiva - RESID\u00c8NCIA JOVIAR - Centre lliure de contencions\",\"isPartOf\":{\"@id\":\"https:\\\/\\\/www.residenciajoviar.com\\\/#website\"},\"primaryImageOfPage\":{\"@id\":\"https:\\\/\\\/www.residenciajoviar.com\\\/taller-destimulacio-cognitiva\\\/#primaryimage\"},\"image\":{\"@id\":\"https:\\\/\\\/www.residenciajoviar.com\\\/taller-destimulacio-cognitiva\\\/#primaryimage\"},\"thumbnailUrl\":\"https:\\\/\\\/www.residenciajoviar.com\\\/wp-content\\\/uploads\\\/IMG-20210602-WA0016.jpg\",\"datePublished\":\"2021-06-02T18:11:37+00:00\",\"dateModified\":\"2021-06-30T18:14:50+00:00\",\"author\":{\"@id\":\"https:\\\/\\\/www.residenciajoviar.com\\\/#\\\/schema\\\/person\\\/924a71fa2a3d57e4b46891a48f2d22a9\"},\"breadcrumb\":{\"@id\":\"https:\\\/\\\/www.residenciajoviar.com\\\/taller-destimulacio-cognitiva\\\/#breadcrumb\"},\"inLanguage\":\"es\",\"potentialAction\":[{\"@type\":\"ReadAction\",\"target\":[\"https:\\\/\\\/www.residenciajoviar.com\\\/taller-destimulacio-cognitiva\\\/\"]}]},{\"@type\":\"ImageObject\",\"inLanguage\":\"es\",\"@id\":\"https:\\\/\\\/www.residenciajoviar.com\\\/taller-destimulacio-cognitiva\\\/#primaryimage\",\"url\":\"https:\\\/\\\/www.residenciajoviar.com\\\/wp-content\\\/uploads\\\/IMG-20210602-WA0016.jpg\",\"contentUrl\":\"https:\\\/\\\/www.residenciajoviar.com\\\/wp-content\\\/uploads\\\/IMG-20210602-WA0016.jpg\",\"width\":1600,\"height\":1200},{\"@type\":\"BreadcrumbList\",\"@id\":\"https:\\\/\\\/www.residenciajoviar.com\\\/taller-destimulacio-cognitiva\\\/#breadcrumb\",\"itemListElement\":[{\"@type\":\"ListItem\",\"position\":1,\"name\":\"Inici\",\"item\":\"https:\\\/\\\/www.residenciajoviar.com\\\/es\\\/\"},{\"@type\":\"ListItem\",\"position\":2,\"name\":\"Taller d&#8217;estimulaci\u00f3 cognitiva\"}]},{\"@type\":\"WebSite\",\"@id\":\"https:\\\/\\\/www.residenciajoviar.com\\\/#website\",\"url\":\"https:\\\/\\\/www.residenciajoviar.com\\\/\",\"name\":\"RESID\u00c8NCIA JOVIAR - Centre lliure de contencions\",\"description\":\"Centre lliure de contencions\",\"potentialAction\":[{\"@type\":\"SearchAction\",\"target\":{\"@type\":\"EntryPoint\",\"urlTemplate\":\"https:\\\/\\\/www.residenciajoviar.com\\\/?s={search_term_string}\"},\"query-input\":{\"@type\":\"PropertyValueSpecification\",\"valueRequired\":true,\"valueName\":\"search_term_string\"}}],\"inLanguage\":\"es\"},{\"@type\":\"Person\",\"@id\":\"https:\\\/\\\/www.residenciajoviar.com\\\/#\\\/schema\\\/person\\\/924a71fa2a3d57e4b46891a48f2d22a9\",\"name\":\"joviar\",\"url\":\"https:\\\/\\\/www.residenciajoviar.com\\\/es\\\/author\\\/joviar\\\/\"}]}<\/script>\n<!-- \/ Yoast SEO plugin. -->","yoast_head_json":{"title":"Taller d'estimulaci\u00f3 cognitiva - RESID\u00c8NCIA JOVIAR - Centre lliure de contencions","robots":{"index":"index","follow":"follow","max-snippet":"max-snippet:-1","max-image-preview":"max-image-preview:large","max-video-preview":"max-video-preview:-1"},"canonical":"https:\/\/www.residenciajoviar.com\/taller-destimulacio-cognitiva\/","og_locale":"es_ES","og_type":"article","og_title":"Taller d'estimulaci\u00f3 cognitiva - RESID\u00c8NCIA JOVIAR - Centre lliure de contencions","og_description":"Taller d'estimulaci\u00f3 cognitiva per ajudar-nos en el nostre dia a dia.","og_url":"https:\/\/www.residenciajoviar.com\/taller-destimulacio-cognitiva\/","og_site_name":"RESID\u00c8NCIA JOVIAR - Centre lliure de contencions","article_publisher":"https:\/\/www.facebook.com\/residenciajoviar\/","article_published_time":"2021-06-02T18:11:37+00:00","article_modified_time":"2021-06-30T18:14:50+00:00","og_image":[{"width":1600,"height":1200,"url":"https:\/\/www.residenciajoviar.com\/wp-content\/uploads\/IMG-20210602-WA0016.jpg","type":"image\/jpeg"}],"author":"joviar","twitter_card":"summary_large_image","twitter_creator":"@JoviarLleida","twitter_site":"@JoviarLleida","twitter_misc":{"Escrito por":"joviar","Tiempo de lectura":"1 minuto"},"schema":{"@context":"https:\/\/schema.org","@graph":[{"@type":"Article","@id":"https:\/\/www.residenciajoviar.com\/taller-destimulacio-cognitiva\/#article","isPartOf":{"@id":"https:\/\/www.residenciajoviar.com\/taller-destimulacio-cognitiva\/"},"author":{"name":"joviar","@id":"https:\/\/www.residenciajoviar.com\/#\/schema\/person\/924a71fa2a3d57e4b46891a48f2d22a9"},"headline":"Taller d&#8217;estimulaci\u00f3 cognitiva","datePublished":"2021-06-02T18:11:37+00:00","dateModified":"2021-06-30T18:14:50+00:00","mainEntityOfPage":{"@id":"https:\/\/www.residenciajoviar.com\/taller-destimulacio-cognitiva\/"},"wordCount":16,"image":{"@id":"https:\/\/www.residenciajoviar.com\/taller-destimulacio-cognitiva\/#primaryimage"},"thumbnailUrl":"https:\/\/www.residenciajoviar.com\/wp-content\/uploads\/IMG-20210602-WA0016.jpg","keywords":["Centre Residencial Joviar","Taller estimulaci\u00f3 cognitiva"],"articleSection":["Not\u00edcies"],"inLanguage":"es"},{"@type":"WebPage","@id":"https:\/\/www.residenciajoviar.com\/taller-destimulacio-cognitiva\/","url":"https:\/\/www.residenciajoviar.com\/taller-destimulacio-cognitiva\/","name":"Taller d'estimulaci\u00f3 cognitiva - RESID\u00c8NCIA JOVIAR - Centre lliure de contencions","isPartOf":{"@id":"https:\/\/www.residenciajoviar.com\/#website"},"primaryImageOfPage":{"@id":"https:\/\/www.residenciajoviar.com\/taller-destimulacio-cognitiva\/#primaryimage"},"image":{"@id":"https:\/\/www.residenciajoviar.com\/taller-destimulacio-cognitiva\/#primaryimage"},"thumbnailUrl":"https:\/\/www.residenciajoviar.com\/wp-content\/uploads\/IMG-20210602-WA0016.jpg","datePublished":"2021-06-02T18:11:37+00:00","dateModified":"2021-06-30T18:14:50+00:00","author":{"@id":"https:\/\/www.residenciajoviar.com\/#\/schema\/person\/924a71fa2a3d57e4b46891a48f2d22a9"},"breadcrumb":{"@id":"https:\/\/www.residenciajoviar.com\/taller-destimulacio-cognitiva\/#breadcrumb"},"inLanguage":"es","potentialAction":[{"@type":"ReadAction","target":["https:\/\/www.residenciajoviar.com\/taller-destimulacio-cognitiva\/"]}]},{"@type":"ImageObject","inLanguage":"es","@id":"https:\/\/www.residenciajoviar.com\/taller-destimulacio-cognitiva\/#primaryimage","url":"https:\/\/www.residenciajoviar.com\/wp-content\/uploads\/IMG-20210602-WA0016.jpg","contentUrl":"https:\/\/www.residenciajoviar.com\/wp-content\/uploads\/IMG-20210602-WA0016.jpg","width":1600,"height":1200},{"@type":"BreadcrumbList","@id":"https:\/\/www.residenciajoviar.com\/taller-destimulacio-cognitiva\/#breadcrumb","itemListElement":[{"@type":"ListItem","position":1,"name":"Inici","item":"https:\/\/www.residenciajoviar.com\/es\/"},{"@type":"ListItem","position":2,"name":"Taller d&#8217;estimulaci\u00f3 cognitiva"}]},{"@type":"WebSite","@id":"https:\/\/www.residenciajoviar.com\/#website","url":"https:\/\/www.residenciajoviar.com\/","name":"RESID\u00c8NCIA JOVIAR - Centre lliure de contencions","description":"Centre lliure de contencions","potentialAction":[{"@type":"SearchAction","target":{"@type":"EntryPoint","urlTemplate":"https:\/\/www.residenciajoviar.com\/?s={search_term_string}"},"query-input":{"@type":"PropertyValueSpecification","valueRequired":true,"valueName":"search_term_string"}}],"inLanguage":"es"},{"@type":"Person","@id":"https:\/\/www.residenciajoviar.com\/#\/schema\/person\/924a71fa2a3d57e4b46891a48f2d22a9","name":"joviar","url":"https:\/\/www.residenciajoviar.com\/es\/author\/joviar\/"}]}},"_links":{"self":[{"href":"https:\/\/www.residenciajoviar.com\/es\/wp-json\/wp\/v2\/posts\/1870","targetHints":{"allow":["GET"]}}],"collection":[{"href":"https:\/\/www.residenciajoviar.com\/es\/wp-json\/wp\/v2\/posts"}],"about":[{"href":"https:\/\/www.residenciajoviar.com\/es\/wp-json\/wp\/v2\/types\/post"}],"author":[{"embeddable":true,"href":"https:\/\/www.residenciajoviar.com\/es\/wp-json\/wp\/v2\/users\/2"}],"replies":[{"embeddable":true,"href":"https:\/\/www.residenciajoviar.com\/es\/wp-json\/wp\/v2\/comments?post=1870"}],"version-history":[{"count":0,"href":"https:\/\/www.residenciajoviar.com\/es\/wp-json\/wp\/v2\/posts\/1870\/revisions"}],"wp:featuredmedia":[{"embeddable":true,"href":"https:\/\/www.residenciajoviar.com\/es\/wp-json\/wp\/v2\/media\/1871"}],"wp:attachment":[{"href":"https:\/\/www.residenciajoviar.com\/es\/wp-json\/wp\/v2\/media?parent=1870"}],"wp:term":[{"taxonomy":"category","embeddable":true,"href":"https:\/\/www.residenciajoviar.com\/es\/wp-json\/wp\/v2\/categories?post=1870"},{"taxonomy":"post_tag","embeddable":true,"href":"https:\/\/www.residenciajoviar.com\/es\/wp-json\/wp\/v2\/tags?post=1870"}],"curies":[{"name":"wp","href":"https:\/\/api.w.org\/{rel}","templated":true}]}}