{"id":1980,"date":"2021-09-18T08:44:50","date_gmt":"2021-09-18T06:44:50","guid":{"rendered":"https:\/\/www.residenciajoviar.com\/?p=1980"},"modified":"2021-09-18T08:44:50","modified_gmt":"2021-09-18T06:44:50","slug":"com-estimulem-la-velocitat-de-pensament-i-el-llenguatge","status":"publish","type":"post","link":"https:\/\/www.residenciajoviar.com\/es\/com-estimulem-la-velocitat-de-pensament-i-el-llenguatge\/","title":{"rendered":"Com estimulem la velocitat de pensament i el llenguatge?"},"content":{"rendered":"<p>Els jocs de taula ??? s\u00f3n uns bons aliats en l&#8217;estimulaci\u00f3 cognitiva.<\/p>\n<p>\u27a1\ufe0f En aquest cas utilitzem el joc &#8216;<span class=\"hiddenSpellError\">Lince<\/span> <span class=\"hiddenGrammarError\">de Educa<\/span>&#8216; per a treballar l&#8217;atenci\u00f3 sostinguda, la discriminaci\u00f3 visual, la velocitat de pensament i el llenguatge.<\/p>\n<p>\u2753\u2754 Voleu saber qui va guanyar la partida? Doncs, totes!<\/p>\n","protected":false},"excerpt":{"rendered":"<p>Els jocs de taula ??? s\u00f3n uns bons aliats en l&#8217;estimulaci\u00f3 cognitiva. \u27a1\ufe0f En aquest cas utilitzem el joc &#8216;Lince de Educa&#8216; per a treballar l&#8217;atenci\u00f3 sostinguda, la discriminaci\u00f3 visual, la velocitat de pensament i el llenguatge. \u2753\u2754 Voleu saber qui va guanyar la partida? Doncs, totes!<\/p>\n","protected":false},"author":2,"featured_media":1981,"comment_status":"closed","ping_status":"closed","sticky":false,"template":"","format":"standard","meta":{"_acf_changed":false,"_et_pb_use_builder":"","_et_pb_old_content":"","_et_gb_content_width":"","footnotes":""},"categories":[4],"tags":[198],"class_list":["post-1980","post","type-post","status-publish","format-standard","has-post-thumbnail","hentry","category-noticies","tag-taller-estimulacio-cognitiva"],"acf":[],"yoast_head":"<!-- This site is optimized with the Yoast SEO plugin v27.5 - https:\/\/yoast.com\/product\/yoast-seo-wordpress\/ -->\n<title>Com estimulem la velocitat de pensament i el llenguatge? - RESID\u00c8NCIA JOVIAR - Centre lliure de contencions<\/title>\n<meta name=\"robots\" content=\"index, follow, max-snippet:-1, max-image-preview:large, max-video-preview:-1\" \/>\n<link rel=\"canonical\" href=\"https:\/\/www.residenciajoviar.com\/com-estimulem-la-velocitat-de-pensament-i-el-llenguatge\/\" \/>\n<meta property=\"og:locale\" content=\"es_ES\" \/>\n<meta property=\"og:type\" content=\"article\" \/>\n<meta property=\"og:title\" content=\"Com estimulem la velocitat de pensament i el llenguatge? - RESID\u00c8NCIA JOVIAR - Centre lliure de contencions\" \/>\n<meta property=\"og:description\" content=\"Els jocs de taula ??? s\u00f3n uns bons aliats en l&#8217;estimulaci\u00f3 cognitiva. \u27a1\ufe0f En aquest cas utilitzem el joc &#8216;Lince de Educa&#8216; per a treballar l&#8217;atenci\u00f3 sostinguda, la discriminaci\u00f3 visual, la velocitat de pensament i el llenguatge. \u2753\u2754 Voleu saber qui va guanyar la partida? Doncs, totes!\" \/>\n<meta property=\"og:url\" content=\"https:\/\/www.residenciajoviar.com\/com-estimulem-la-velocitat-de-pensament-i-el-llenguatge\/\" \/>\n<meta property=\"og:site_name\" content=\"RESID\u00c8NCIA JOVIAR - Centre lliure de contencions\" \/>\n<meta property=\"article:publisher\" content=\"https:\/\/www.facebook.com\/residenciajoviar\/\" \/>\n<meta property=\"article:published_time\" content=\"2021-09-18T06:44:50+00:00\" \/>\n<meta property=\"og:image\" content=\"https:\/\/www.residenciajoviar.com\/wp-content\/uploads\/IMG-20210917-WA0020.jpg\" \/>\n\t<meta property=\"og:image:width\" content=\"1600\" \/>\n\t<meta property=\"og:image:height\" content=\"1200\" \/>\n\t<meta property=\"og:image:type\" content=\"image\/jpeg\" \/>\n<meta name=\"author\" content=\"joviar\" \/>\n<meta name=\"twitter:card\" content=\"summary_large_image\" \/>\n<meta name=\"twitter:creator\" content=\"@JoviarLleida\" \/>\n<meta name=\"twitter:site\" content=\"@JoviarLleida\" \/>\n<meta name=\"twitter:label1\" content=\"Escrito por\" \/>\n\t<meta name=\"twitter:data1\" content=\"joviar\" \/>\n\t<meta name=\"twitter:label2\" content=\"Tiempo de lectura\" \/>\n\t<meta name=\"twitter:data2\" content=\"1 minuto\" \/>\n<script type=\"application\/ld+json\" class=\"yoast-schema-graph\">{\"@context\":\"https:\\\/\\\/schema.org\",\"@graph\":[{\"@type\":\"Article\",\"@id\":\"https:\\\/\\\/www.residenciajoviar.com\\\/com-estimulem-la-velocitat-de-pensament-i-el-llenguatge\\\/#article\",\"isPartOf\":{\"@id\":\"https:\\\/\\\/www.residenciajoviar.com\\\/com-estimulem-la-velocitat-de-pensament-i-el-llenguatge\\\/\"},\"author\":{\"name\":\"joviar\",\"@id\":\"https:\\\/\\\/www.residenciajoviar.com\\\/#\\\/schema\\\/person\\\/924a71fa2a3d57e4b46891a48f2d22a9\"},\"headline\":\"Com estimulem la velocitat de pensament i el llenguatge?\",\"datePublished\":\"2021-09-18T06:44:50+00:00\",\"mainEntityOfPage\":{\"@id\":\"https:\\\/\\\/www.residenciajoviar.com\\\/com-estimulem-la-velocitat-de-pensament-i-el-llenguatge\\\/\"},\"wordCount\":56,\"image\":{\"@id\":\"https:\\\/\\\/www.residenciajoviar.com\\\/com-estimulem-la-velocitat-de-pensament-i-el-llenguatge\\\/#primaryimage\"},\"thumbnailUrl\":\"https:\\\/\\\/www.residenciajoviar.com\\\/wp-content\\\/uploads\\\/IMG-20210917-WA0020.jpg\",\"keywords\":[\"Taller estimulaci\u00f3 cognitiva\"],\"articleSection\":[\"Not\u00edcies\"],\"inLanguage\":\"es\"},{\"@type\":\"WebPage\",\"@id\":\"https:\\\/\\\/www.residenciajoviar.com\\\/com-estimulem-la-velocitat-de-pensament-i-el-llenguatge\\\/\",\"url\":\"https:\\\/\\\/www.residenciajoviar.com\\\/com-estimulem-la-velocitat-de-pensament-i-el-llenguatge\\\/\",\"name\":\"Com estimulem la velocitat de pensament i el llenguatge? - RESID\u00c8NCIA JOVIAR - Centre lliure de contencions\",\"isPartOf\":{\"@id\":\"https:\\\/\\\/www.residenciajoviar.com\\\/#website\"},\"primaryImageOfPage\":{\"@id\":\"https:\\\/\\\/www.residenciajoviar.com\\\/com-estimulem-la-velocitat-de-pensament-i-el-llenguatge\\\/#primaryimage\"},\"image\":{\"@id\":\"https:\\\/\\\/www.residenciajoviar.com\\\/com-estimulem-la-velocitat-de-pensament-i-el-llenguatge\\\/#primaryimage\"},\"thumbnailUrl\":\"https:\\\/\\\/www.residenciajoviar.com\\\/wp-content\\\/uploads\\\/IMG-20210917-WA0020.jpg\",\"datePublished\":\"2021-09-18T06:44:50+00:00\",\"author\":{\"@id\":\"https:\\\/\\\/www.residenciajoviar.com\\\/#\\\/schema\\\/person\\\/924a71fa2a3d57e4b46891a48f2d22a9\"},\"breadcrumb\":{\"@id\":\"https:\\\/\\\/www.residenciajoviar.com\\\/com-estimulem-la-velocitat-de-pensament-i-el-llenguatge\\\/#breadcrumb\"},\"inLanguage\":\"es\",\"potentialAction\":[{\"@type\":\"ReadAction\",\"target\":[\"https:\\\/\\\/www.residenciajoviar.com\\\/com-estimulem-la-velocitat-de-pensament-i-el-llenguatge\\\/\"]}]},{\"@type\":\"ImageObject\",\"inLanguage\":\"es\",\"@id\":\"https:\\\/\\\/www.residenciajoviar.com\\\/com-estimulem-la-velocitat-de-pensament-i-el-llenguatge\\\/#primaryimage\",\"url\":\"https:\\\/\\\/www.residenciajoviar.com\\\/wp-content\\\/uploads\\\/IMG-20210917-WA0020.jpg\",\"contentUrl\":\"https:\\\/\\\/www.residenciajoviar.com\\\/wp-content\\\/uploads\\\/IMG-20210917-WA0020.jpg\",\"width\":1600,\"height\":1200},{\"@type\":\"BreadcrumbList\",\"@id\":\"https:\\\/\\\/www.residenciajoviar.com\\\/com-estimulem-la-velocitat-de-pensament-i-el-llenguatge\\\/#breadcrumb\",\"itemListElement\":[{\"@type\":\"ListItem\",\"position\":1,\"name\":\"Inici\",\"item\":\"https:\\\/\\\/www.residenciajoviar.com\\\/es\\\/\"},{\"@type\":\"ListItem\",\"position\":2,\"name\":\"Com estimulem la velocitat de pensament i el llenguatge?\"}]},{\"@type\":\"WebSite\",\"@id\":\"https:\\\/\\\/www.residenciajoviar.com\\\/#website\",\"url\":\"https:\\\/\\\/www.residenciajoviar.com\\\/\",\"name\":\"RESID\u00c8NCIA JOVIAR - Centre lliure de contencions\",\"description\":\"Centre lliure de contencions\",\"potentialAction\":[{\"@type\":\"SearchAction\",\"target\":{\"@type\":\"EntryPoint\",\"urlTemplate\":\"https:\\\/\\\/www.residenciajoviar.com\\\/?s={search_term_string}\"},\"query-input\":{\"@type\":\"PropertyValueSpecification\",\"valueRequired\":true,\"valueName\":\"search_term_string\"}}],\"inLanguage\":\"es\"},{\"@type\":\"Person\",\"@id\":\"https:\\\/\\\/www.residenciajoviar.com\\\/#\\\/schema\\\/person\\\/924a71fa2a3d57e4b46891a48f2d22a9\",\"name\":\"joviar\",\"url\":\"https:\\\/\\\/www.residenciajoviar.com\\\/es\\\/author\\\/joviar\\\/\"}]}<\/script>\n<!-- \/ Yoast SEO plugin. -->","yoast_head_json":{"title":"Com estimulem la velocitat de pensament i el llenguatge? - RESID\u00c8NCIA JOVIAR - Centre lliure de contencions","robots":{"index":"index","follow":"follow","max-snippet":"max-snippet:-1","max-image-preview":"max-image-preview:large","max-video-preview":"max-video-preview:-1"},"canonical":"https:\/\/www.residenciajoviar.com\/com-estimulem-la-velocitat-de-pensament-i-el-llenguatge\/","og_locale":"es_ES","og_type":"article","og_title":"Com estimulem la velocitat de pensament i el llenguatge? - RESID\u00c8NCIA JOVIAR - Centre lliure de contencions","og_description":"Els jocs de taula ??? s\u00f3n uns bons aliats en l&#8217;estimulaci\u00f3 cognitiva. \u27a1\ufe0f En aquest cas utilitzem el joc &#8216;Lince de Educa&#8216; per a treballar l&#8217;atenci\u00f3 sostinguda, la discriminaci\u00f3 visual, la velocitat de pensament i el llenguatge. \u2753\u2754 Voleu saber qui va guanyar la partida? Doncs, totes!","og_url":"https:\/\/www.residenciajoviar.com\/com-estimulem-la-velocitat-de-pensament-i-el-llenguatge\/","og_site_name":"RESID\u00c8NCIA JOVIAR - Centre lliure de contencions","article_publisher":"https:\/\/www.facebook.com\/residenciajoviar\/","article_published_time":"2021-09-18T06:44:50+00:00","og_image":[{"width":1600,"height":1200,"url":"https:\/\/www.residenciajoviar.com\/wp-content\/uploads\/IMG-20210917-WA0020.jpg","type":"image\/jpeg"}],"author":"joviar","twitter_card":"summary_large_image","twitter_creator":"@JoviarLleida","twitter_site":"@JoviarLleida","twitter_misc":{"Escrito por":"joviar","Tiempo de lectura":"1 minuto"},"schema":{"@context":"https:\/\/schema.org","@graph":[{"@type":"Article","@id":"https:\/\/www.residenciajoviar.com\/com-estimulem-la-velocitat-de-pensament-i-el-llenguatge\/#article","isPartOf":{"@id":"https:\/\/www.residenciajoviar.com\/com-estimulem-la-velocitat-de-pensament-i-el-llenguatge\/"},"author":{"name":"joviar","@id":"https:\/\/www.residenciajoviar.com\/#\/schema\/person\/924a71fa2a3d57e4b46891a48f2d22a9"},"headline":"Com estimulem la velocitat de pensament i el llenguatge?","datePublished":"2021-09-18T06:44:50+00:00","mainEntityOfPage":{"@id":"https:\/\/www.residenciajoviar.com\/com-estimulem-la-velocitat-de-pensament-i-el-llenguatge\/"},"wordCount":56,"image":{"@id":"https:\/\/www.residenciajoviar.com\/com-estimulem-la-velocitat-de-pensament-i-el-llenguatge\/#primaryimage"},"thumbnailUrl":"https:\/\/www.residenciajoviar.com\/wp-content\/uploads\/IMG-20210917-WA0020.jpg","keywords":["Taller estimulaci\u00f3 cognitiva"],"articleSection":["Not\u00edcies"],"inLanguage":"es"},{"@type":"WebPage","@id":"https:\/\/www.residenciajoviar.com\/com-estimulem-la-velocitat-de-pensament-i-el-llenguatge\/","url":"https:\/\/www.residenciajoviar.com\/com-estimulem-la-velocitat-de-pensament-i-el-llenguatge\/","name":"Com estimulem la velocitat de pensament i el llenguatge? - RESID\u00c8NCIA JOVIAR - Centre lliure de contencions","isPartOf":{"@id":"https:\/\/www.residenciajoviar.com\/#website"},"primaryImageOfPage":{"@id":"https:\/\/www.residenciajoviar.com\/com-estimulem-la-velocitat-de-pensament-i-el-llenguatge\/#primaryimage"},"image":{"@id":"https:\/\/www.residenciajoviar.com\/com-estimulem-la-velocitat-de-pensament-i-el-llenguatge\/#primaryimage"},"thumbnailUrl":"https:\/\/www.residenciajoviar.com\/wp-content\/uploads\/IMG-20210917-WA0020.jpg","datePublished":"2021-09-18T06:44:50+00:00","author":{"@id":"https:\/\/www.residenciajoviar.com\/#\/schema\/person\/924a71fa2a3d57e4b46891a48f2d22a9"},"breadcrumb":{"@id":"https:\/\/www.residenciajoviar.com\/com-estimulem-la-velocitat-de-pensament-i-el-llenguatge\/#breadcrumb"},"inLanguage":"es","potentialAction":[{"@type":"ReadAction","target":["https:\/\/www.residenciajoviar.com\/com-estimulem-la-velocitat-de-pensament-i-el-llenguatge\/"]}]},{"@type":"ImageObject","inLanguage":"es","@id":"https:\/\/www.residenciajoviar.com\/com-estimulem-la-velocitat-de-pensament-i-el-llenguatge\/#primaryimage","url":"https:\/\/www.residenciajoviar.com\/wp-content\/uploads\/IMG-20210917-WA0020.jpg","contentUrl":"https:\/\/www.residenciajoviar.com\/wp-content\/uploads\/IMG-20210917-WA0020.jpg","width":1600,"height":1200},{"@type":"BreadcrumbList","@id":"https:\/\/www.residenciajoviar.com\/com-estimulem-la-velocitat-de-pensament-i-el-llenguatge\/#breadcrumb","itemListElement":[{"@type":"ListItem","position":1,"name":"Inici","item":"https:\/\/www.residenciajoviar.com\/es\/"},{"@type":"ListItem","position":2,"name":"Com estimulem la velocitat de pensament i el llenguatge?"}]},{"@type":"WebSite","@id":"https:\/\/www.residenciajoviar.com\/#website","url":"https:\/\/www.residenciajoviar.com\/","name":"RESID\u00c8NCIA JOVIAR - Centre lliure de contencions","description":"Centre lliure de contencions","potentialAction":[{"@type":"SearchAction","target":{"@type":"EntryPoint","urlTemplate":"https:\/\/www.residenciajoviar.com\/?s={search_term_string}"},"query-input":{"@type":"PropertyValueSpecification","valueRequired":true,"valueName":"search_term_string"}}],"inLanguage":"es"},{"@type":"Person","@id":"https:\/\/www.residenciajoviar.com\/#\/schema\/person\/924a71fa2a3d57e4b46891a48f2d22a9","name":"joviar","url":"https:\/\/www.residenciajoviar.com\/es\/author\/joviar\/"}]}},"_links":{"self":[{"href":"https:\/\/www.residenciajoviar.com\/es\/wp-json\/wp\/v2\/posts\/1980","targetHints":{"allow":["GET"]}}],"collection":[{"href":"https:\/\/www.residenciajoviar.com\/es\/wp-json\/wp\/v2\/posts"}],"about":[{"href":"https:\/\/www.residenciajoviar.com\/es\/wp-json\/wp\/v2\/types\/post"}],"author":[{"embeddable":true,"href":"https:\/\/www.residenciajoviar.com\/es\/wp-json\/wp\/v2\/users\/2"}],"replies":[{"embeddable":true,"href":"https:\/\/www.residenciajoviar.com\/es\/wp-json\/wp\/v2\/comments?post=1980"}],"version-history":[{"count":0,"href":"https:\/\/www.residenciajoviar.com\/es\/wp-json\/wp\/v2\/posts\/1980\/revisions"}],"wp:featuredmedia":[{"embeddable":true,"href":"https:\/\/www.residenciajoviar.com\/es\/wp-json\/wp\/v2\/media\/1981"}],"wp:attachment":[{"href":"https:\/\/www.residenciajoviar.com\/es\/wp-json\/wp\/v2\/media?parent=1980"}],"wp:term":[{"taxonomy":"category","embeddable":true,"href":"https:\/\/www.residenciajoviar.com\/es\/wp-json\/wp\/v2\/categories?post=1980"},{"taxonomy":"post_tag","embeddable":true,"href":"https:\/\/www.residenciajoviar.com\/es\/wp-json\/wp\/v2\/tags?post=1980"}],"curies":[{"name":"wp","href":"https:\/\/api.w.org\/{rel}","templated":true}]}}