{"id":1990,"date":"2021-11-05T21:14:30","date_gmt":"2021-11-05T20:14:30","guid":{"rendered":"https:\/\/www.residenciajoviar.com\/?p=1990"},"modified":"2021-11-05T21:14:30","modified_gmt":"2021-11-05T20:14:30","slug":"ens-sumem-a-la-commemoracio-de-la-setmana-del-desenvolupament-sostenible","status":"publish","type":"post","link":"https:\/\/www.residenciajoviar.com\/es\/ens-sumem-a-la-commemoracio-de-la-setmana-del-desenvolupament-sostenible\/","title":{"rendered":"Ens sumem a la commemoraci\u00f3 de la Setmana del Desenvolupament Sostenible"},"content":{"rendered":"<p>El Centre Residencial Joviar, la resid\u00e8ncia ubicada a l\u2019Horta de Lleida, se suma a la Setmana del Desenvolupament Sostenible, que t\u00e9 lloc del 2 i el 5 de novembre. Durant aquests dies, el centre, far\u00e0 consci\u00e8ncia del comprom\u00eds del sector de l\u2019atenci\u00f3 a les persones grans amb la societat i el planeta, en la l\u00ednia dels Objectius de Desenvolupament Sostenible de l\u2019ONU, que guien l\u2019Agenda 2030.<\/p>\n<p>El centre utilitza la biomassa com a combustible. El seu \u00fas \u00e9s una de les eines que permet mitigar el canvi clim\u00e0tic, ja que la biomassa \u00e9s considerada com a energia renovable. En contra del que succeeix amb els combustibles f\u00f2ssils, que han trigat milions d\u2019anys en formar-se, la biomassa procedent de la gesti\u00f3 forestal sostenible permet la recuperaci\u00f3 i la regeneraci\u00f3 del bosc en un temps assimilable. Per tant, les emissions procedents de les calderes de biomassa no computen com a emissions de gasos causants del canvi clim\u00e0tic.<\/p>\n<p>Joviar aposta per la biomassa com a combustible per les seves calderes i per tant, aposta pel medi ambient. El centre se suma a aquesta iniciativa en el marc de les activitats organitzades per l\u2019Associaci\u00f3 Catalana de Recursos Assistencials (ACRA), de la qual forma part.<\/p>\n","protected":false},"excerpt":{"rendered":"<p>El Centre Residencial Joviar, la resid\u00e8ncia ubicada a l\u2019Horta de Lleida, se suma a la Setmana del Desenvolupament Sostenible, que t\u00e9 lloc del 2 i el 5 de novembre.<\/p>\n","protected":false},"author":2,"featured_media":1991,"comment_status":"closed","ping_status":"closed","sticky":false,"template":"","format":"standard","meta":{"_acf_changed":false,"_et_pb_use_builder":"","_et_pb_old_content":"","_et_gb_content_width":"","footnotes":""},"categories":[4],"tags":[218],"class_list":["post-1990","post","type-post","status-publish","format-standard","has-post-thumbnail","hentry","category-noticies","tag-setmana-del-desenvolupament-sostenible"],"acf":[],"yoast_head":"<!-- This site is optimized with the Yoast SEO plugin v27.5 - https:\/\/yoast.com\/product\/yoast-seo-wordpress\/ -->\n<title>Ens sumem a la commemoraci\u00f3 de la Setmana del Desenvolupament Sostenible - RESID\u00c8NCIA JOVIAR - Centre lliure de contencions<\/title>\n<meta name=\"robots\" content=\"index, follow, max-snippet:-1, max-image-preview:large, max-video-preview:-1\" \/>\n<link rel=\"canonical\" href=\"https:\/\/www.residenciajoviar.com\/ens-sumem-a-la-commemoracio-de-la-setmana-del-desenvolupament-sostenible\/\" \/>\n<meta property=\"og:locale\" content=\"es_ES\" \/>\n<meta property=\"og:type\" content=\"article\" \/>\n<meta property=\"og:title\" content=\"Ens sumem a la commemoraci\u00f3 de la Setmana del Desenvolupament Sostenible - RESID\u00c8NCIA JOVIAR - Centre lliure de contencions\" \/>\n<meta property=\"og:description\" content=\"El Centre Residencial Joviar, la resid\u00e8ncia ubicada a l\u2019Horta de Lleida, se suma a la Setmana del Desenvolupament Sostenible, que t\u00e9 lloc del 2 i el 5 de novembre.\" \/>\n<meta property=\"og:url\" content=\"https:\/\/www.residenciajoviar.com\/ens-sumem-a-la-commemoracio-de-la-setmana-del-desenvolupament-sostenible\/\" \/>\n<meta property=\"og:site_name\" content=\"RESID\u00c8NCIA JOVIAR - Centre lliure de contencions\" \/>\n<meta property=\"article:publisher\" content=\"https:\/\/www.facebook.com\/residenciajoviar\/\" \/>\n<meta property=\"article:published_time\" content=\"2021-11-05T20:14:30+00:00\" \/>\n<meta property=\"og:image\" content=\"https:\/\/www.residenciajoviar.com\/wp-content\/uploads\/211103_centre_residencial_joviar_centre_sostenible.jpg\" \/>\n\t<meta property=\"og:image:width\" content=\"1600\" \/>\n\t<meta property=\"og:image:height\" content=\"1200\" \/>\n\t<meta property=\"og:image:type\" content=\"image\/jpeg\" \/>\n<meta name=\"author\" content=\"joviar\" \/>\n<meta name=\"twitter:card\" content=\"summary_large_image\" \/>\n<meta name=\"twitter:creator\" content=\"@JoviarLleida\" \/>\n<meta name=\"twitter:site\" content=\"@JoviarLleida\" \/>\n<meta name=\"twitter:label1\" content=\"Escrito por\" \/>\n\t<meta name=\"twitter:data1\" content=\"joviar\" \/>\n\t<meta name=\"twitter:label2\" content=\"Tiempo de lectura\" \/>\n\t<meta name=\"twitter:data2\" content=\"1 minuto\" \/>\n<script type=\"application\/ld+json\" class=\"yoast-schema-graph\">{\"@context\":\"https:\\\/\\\/schema.org\",\"@graph\":[{\"@type\":\"Article\",\"@id\":\"https:\\\/\\\/www.residenciajoviar.com\\\/ens-sumem-a-la-commemoracio-de-la-setmana-del-desenvolupament-sostenible\\\/#article\",\"isPartOf\":{\"@id\":\"https:\\\/\\\/www.residenciajoviar.com\\\/ens-sumem-a-la-commemoracio-de-la-setmana-del-desenvolupament-sostenible\\\/\"},\"author\":{\"name\":\"joviar\",\"@id\":\"https:\\\/\\\/www.residenciajoviar.com\\\/#\\\/schema\\\/person\\\/924a71fa2a3d57e4b46891a48f2d22a9\"},\"headline\":\"Ens sumem a la commemoraci\u00f3 de la Setmana del Desenvolupament Sostenible\",\"datePublished\":\"2021-11-05T20:14:30+00:00\",\"mainEntityOfPage\":{\"@id\":\"https:\\\/\\\/www.residenciajoviar.com\\\/ens-sumem-a-la-commemoracio-de-la-setmana-del-desenvolupament-sostenible\\\/\"},\"wordCount\":221,\"image\":{\"@id\":\"https:\\\/\\\/www.residenciajoviar.com\\\/ens-sumem-a-la-commemoracio-de-la-setmana-del-desenvolupament-sostenible\\\/#primaryimage\"},\"thumbnailUrl\":\"https:\\\/\\\/www.residenciajoviar.com\\\/wp-content\\\/uploads\\\/211103_centre_residencial_joviar_centre_sostenible.jpg\",\"keywords\":[\"Setmana del Desenvolupament Sostenible\"],\"articleSection\":[\"Not\u00edcies\"],\"inLanguage\":\"es\"},{\"@type\":\"WebPage\",\"@id\":\"https:\\\/\\\/www.residenciajoviar.com\\\/ens-sumem-a-la-commemoracio-de-la-setmana-del-desenvolupament-sostenible\\\/\",\"url\":\"https:\\\/\\\/www.residenciajoviar.com\\\/ens-sumem-a-la-commemoracio-de-la-setmana-del-desenvolupament-sostenible\\\/\",\"name\":\"Ens sumem a la commemoraci\u00f3 de la Setmana del Desenvolupament Sostenible - RESID\u00c8NCIA JOVIAR - Centre lliure de contencions\",\"isPartOf\":{\"@id\":\"https:\\\/\\\/www.residenciajoviar.com\\\/#website\"},\"primaryImageOfPage\":{\"@id\":\"https:\\\/\\\/www.residenciajoviar.com\\\/ens-sumem-a-la-commemoracio-de-la-setmana-del-desenvolupament-sostenible\\\/#primaryimage\"},\"image\":{\"@id\":\"https:\\\/\\\/www.residenciajoviar.com\\\/ens-sumem-a-la-commemoracio-de-la-setmana-del-desenvolupament-sostenible\\\/#primaryimage\"},\"thumbnailUrl\":\"https:\\\/\\\/www.residenciajoviar.com\\\/wp-content\\\/uploads\\\/211103_centre_residencial_joviar_centre_sostenible.jpg\",\"datePublished\":\"2021-11-05T20:14:30+00:00\",\"author\":{\"@id\":\"https:\\\/\\\/www.residenciajoviar.com\\\/#\\\/schema\\\/person\\\/924a71fa2a3d57e4b46891a48f2d22a9\"},\"breadcrumb\":{\"@id\":\"https:\\\/\\\/www.residenciajoviar.com\\\/ens-sumem-a-la-commemoracio-de-la-setmana-del-desenvolupament-sostenible\\\/#breadcrumb\"},\"inLanguage\":\"es\",\"potentialAction\":[{\"@type\":\"ReadAction\",\"target\":[\"https:\\\/\\\/www.residenciajoviar.com\\\/ens-sumem-a-la-commemoracio-de-la-setmana-del-desenvolupament-sostenible\\\/\"]}]},{\"@type\":\"ImageObject\",\"inLanguage\":\"es\",\"@id\":\"https:\\\/\\\/www.residenciajoviar.com\\\/ens-sumem-a-la-commemoracio-de-la-setmana-del-desenvolupament-sostenible\\\/#primaryimage\",\"url\":\"https:\\\/\\\/www.residenciajoviar.com\\\/wp-content\\\/uploads\\\/211103_centre_residencial_joviar_centre_sostenible.jpg\",\"contentUrl\":\"https:\\\/\\\/www.residenciajoviar.com\\\/wp-content\\\/uploads\\\/211103_centre_residencial_joviar_centre_sostenible.jpg\",\"width\":1600,\"height\":1200,\"caption\":\"Centre Residencial Joviar Biomassa\"},{\"@type\":\"BreadcrumbList\",\"@id\":\"https:\\\/\\\/www.residenciajoviar.com\\\/ens-sumem-a-la-commemoracio-de-la-setmana-del-desenvolupament-sostenible\\\/#breadcrumb\",\"itemListElement\":[{\"@type\":\"ListItem\",\"position\":1,\"name\":\"Inici\",\"item\":\"https:\\\/\\\/www.residenciajoviar.com\\\/es\\\/\"},{\"@type\":\"ListItem\",\"position\":2,\"name\":\"Ens sumem a la commemoraci\u00f3 de la Setmana del Desenvolupament Sostenible\"}]},{\"@type\":\"WebSite\",\"@id\":\"https:\\\/\\\/www.residenciajoviar.com\\\/#website\",\"url\":\"https:\\\/\\\/www.residenciajoviar.com\\\/\",\"name\":\"RESID\u00c8NCIA JOVIAR - Centre lliure de contencions\",\"description\":\"Centre lliure de contencions\",\"potentialAction\":[{\"@type\":\"SearchAction\",\"target\":{\"@type\":\"EntryPoint\",\"urlTemplate\":\"https:\\\/\\\/www.residenciajoviar.com\\\/?s={search_term_string}\"},\"query-input\":{\"@type\":\"PropertyValueSpecification\",\"valueRequired\":true,\"valueName\":\"search_term_string\"}}],\"inLanguage\":\"es\"},{\"@type\":\"Person\",\"@id\":\"https:\\\/\\\/www.residenciajoviar.com\\\/#\\\/schema\\\/person\\\/924a71fa2a3d57e4b46891a48f2d22a9\",\"name\":\"joviar\",\"url\":\"https:\\\/\\\/www.residenciajoviar.com\\\/es\\\/author\\\/joviar\\\/\"}]}<\/script>\n<!-- \/ Yoast SEO plugin. -->","yoast_head_json":{"title":"Ens sumem a la commemoraci\u00f3 de la Setmana del Desenvolupament Sostenible - RESID\u00c8NCIA JOVIAR - Centre lliure de contencions","robots":{"index":"index","follow":"follow","max-snippet":"max-snippet:-1","max-image-preview":"max-image-preview:large","max-video-preview":"max-video-preview:-1"},"canonical":"https:\/\/www.residenciajoviar.com\/ens-sumem-a-la-commemoracio-de-la-setmana-del-desenvolupament-sostenible\/","og_locale":"es_ES","og_type":"article","og_title":"Ens sumem a la commemoraci\u00f3 de la Setmana del Desenvolupament Sostenible - RESID\u00c8NCIA JOVIAR - Centre lliure de contencions","og_description":"El Centre Residencial Joviar, la resid\u00e8ncia ubicada a l\u2019Horta de Lleida, se suma a la Setmana del Desenvolupament Sostenible, que t\u00e9 lloc del 2 i el 5 de novembre.","og_url":"https:\/\/www.residenciajoviar.com\/ens-sumem-a-la-commemoracio-de-la-setmana-del-desenvolupament-sostenible\/","og_site_name":"RESID\u00c8NCIA JOVIAR - Centre lliure de contencions","article_publisher":"https:\/\/www.facebook.com\/residenciajoviar\/","article_published_time":"2021-11-05T20:14:30+00:00","og_image":[{"width":1600,"height":1200,"url":"https:\/\/www.residenciajoviar.com\/wp-content\/uploads\/211103_centre_residencial_joviar_centre_sostenible.jpg","type":"image\/jpeg"}],"author":"joviar","twitter_card":"summary_large_image","twitter_creator":"@JoviarLleida","twitter_site":"@JoviarLleida","twitter_misc":{"Escrito por":"joviar","Tiempo de lectura":"1 minuto"},"schema":{"@context":"https:\/\/schema.org","@graph":[{"@type":"Article","@id":"https:\/\/www.residenciajoviar.com\/ens-sumem-a-la-commemoracio-de-la-setmana-del-desenvolupament-sostenible\/#article","isPartOf":{"@id":"https:\/\/www.residenciajoviar.com\/ens-sumem-a-la-commemoracio-de-la-setmana-del-desenvolupament-sostenible\/"},"author":{"name":"joviar","@id":"https:\/\/www.residenciajoviar.com\/#\/schema\/person\/924a71fa2a3d57e4b46891a48f2d22a9"},"headline":"Ens sumem a la commemoraci\u00f3 de la Setmana del Desenvolupament Sostenible","datePublished":"2021-11-05T20:14:30+00:00","mainEntityOfPage":{"@id":"https:\/\/www.residenciajoviar.com\/ens-sumem-a-la-commemoracio-de-la-setmana-del-desenvolupament-sostenible\/"},"wordCount":221,"image":{"@id":"https:\/\/www.residenciajoviar.com\/ens-sumem-a-la-commemoracio-de-la-setmana-del-desenvolupament-sostenible\/#primaryimage"},"thumbnailUrl":"https:\/\/www.residenciajoviar.com\/wp-content\/uploads\/211103_centre_residencial_joviar_centre_sostenible.jpg","keywords":["Setmana del Desenvolupament Sostenible"],"articleSection":["Not\u00edcies"],"inLanguage":"es"},{"@type":"WebPage","@id":"https:\/\/www.residenciajoviar.com\/ens-sumem-a-la-commemoracio-de-la-setmana-del-desenvolupament-sostenible\/","url":"https:\/\/www.residenciajoviar.com\/ens-sumem-a-la-commemoracio-de-la-setmana-del-desenvolupament-sostenible\/","name":"Ens sumem a la commemoraci\u00f3 de la Setmana del Desenvolupament Sostenible - RESID\u00c8NCIA JOVIAR - Centre lliure de contencions","isPartOf":{"@id":"https:\/\/www.residenciajoviar.com\/#website"},"primaryImageOfPage":{"@id":"https:\/\/www.residenciajoviar.com\/ens-sumem-a-la-commemoracio-de-la-setmana-del-desenvolupament-sostenible\/#primaryimage"},"image":{"@id":"https:\/\/www.residenciajoviar.com\/ens-sumem-a-la-commemoracio-de-la-setmana-del-desenvolupament-sostenible\/#primaryimage"},"thumbnailUrl":"https:\/\/www.residenciajoviar.com\/wp-content\/uploads\/211103_centre_residencial_joviar_centre_sostenible.jpg","datePublished":"2021-11-05T20:14:30+00:00","author":{"@id":"https:\/\/www.residenciajoviar.com\/#\/schema\/person\/924a71fa2a3d57e4b46891a48f2d22a9"},"breadcrumb":{"@id":"https:\/\/www.residenciajoviar.com\/ens-sumem-a-la-commemoracio-de-la-setmana-del-desenvolupament-sostenible\/#breadcrumb"},"inLanguage":"es","potentialAction":[{"@type":"ReadAction","target":["https:\/\/www.residenciajoviar.com\/ens-sumem-a-la-commemoracio-de-la-setmana-del-desenvolupament-sostenible\/"]}]},{"@type":"ImageObject","inLanguage":"es","@id":"https:\/\/www.residenciajoviar.com\/ens-sumem-a-la-commemoracio-de-la-setmana-del-desenvolupament-sostenible\/#primaryimage","url":"https:\/\/www.residenciajoviar.com\/wp-content\/uploads\/211103_centre_residencial_joviar_centre_sostenible.jpg","contentUrl":"https:\/\/www.residenciajoviar.com\/wp-content\/uploads\/211103_centre_residencial_joviar_centre_sostenible.jpg","width":1600,"height":1200,"caption":"Centre Residencial Joviar Biomassa"},{"@type":"BreadcrumbList","@id":"https:\/\/www.residenciajoviar.com\/ens-sumem-a-la-commemoracio-de-la-setmana-del-desenvolupament-sostenible\/#breadcrumb","itemListElement":[{"@type":"ListItem","position":1,"name":"Inici","item":"https:\/\/www.residenciajoviar.com\/es\/"},{"@type":"ListItem","position":2,"name":"Ens sumem a la commemoraci\u00f3 de la Setmana del Desenvolupament Sostenible"}]},{"@type":"WebSite","@id":"https:\/\/www.residenciajoviar.com\/#website","url":"https:\/\/www.residenciajoviar.com\/","name":"RESID\u00c8NCIA JOVIAR - Centre lliure de contencions","description":"Centre lliure de contencions","potentialAction":[{"@type":"SearchAction","target":{"@type":"EntryPoint","urlTemplate":"https:\/\/www.residenciajoviar.com\/?s={search_term_string}"},"query-input":{"@type":"PropertyValueSpecification","valueRequired":true,"valueName":"search_term_string"}}],"inLanguage":"es"},{"@type":"Person","@id":"https:\/\/www.residenciajoviar.com\/#\/schema\/person\/924a71fa2a3d57e4b46891a48f2d22a9","name":"joviar","url":"https:\/\/www.residenciajoviar.com\/es\/author\/joviar\/"}]}},"_links":{"self":[{"href":"https:\/\/www.residenciajoviar.com\/es\/wp-json\/wp\/v2\/posts\/1990","targetHints":{"allow":["GET"]}}],"collection":[{"href":"https:\/\/www.residenciajoviar.com\/es\/wp-json\/wp\/v2\/posts"}],"about":[{"href":"https:\/\/www.residenciajoviar.com\/es\/wp-json\/wp\/v2\/types\/post"}],"author":[{"embeddable":true,"href":"https:\/\/www.residenciajoviar.com\/es\/wp-json\/wp\/v2\/users\/2"}],"replies":[{"embeddable":true,"href":"https:\/\/www.residenciajoviar.com\/es\/wp-json\/wp\/v2\/comments?post=1990"}],"version-history":[{"count":0,"href":"https:\/\/www.residenciajoviar.com\/es\/wp-json\/wp\/v2\/posts\/1990\/revisions"}],"wp:featuredmedia":[{"embeddable":true,"href":"https:\/\/www.residenciajoviar.com\/es\/wp-json\/wp\/v2\/media\/1991"}],"wp:attachment":[{"href":"https:\/\/www.residenciajoviar.com\/es\/wp-json\/wp\/v2\/media?parent=1990"}],"wp:term":[{"taxonomy":"category","embeddable":true,"href":"https:\/\/www.residenciajoviar.com\/es\/wp-json\/wp\/v2\/categories?post=1990"},{"taxonomy":"post_tag","embeddable":true,"href":"https:\/\/www.residenciajoviar.com\/es\/wp-json\/wp\/v2\/tags?post=1990"}],"curies":[{"name":"wp","href":"https:\/\/api.w.org\/{rel}","templated":true}]}}