{"id":2044,"date":"2021-10-06T21:24:01","date_gmt":"2021-10-06T19:24:01","guid":{"rendered":"https:\/\/www.residenciajoviar.com\/?p=2044"},"modified":"2021-11-05T21:25:40","modified_gmt":"2021-11-05T20:25:40","slug":"la-tardor-arriba-al-centre-residencial-joviar","status":"publish","type":"post","link":"https:\/\/www.residenciajoviar.com\/es\/la-tardor-arriba-al-centre-residencial-joviar\/","title":{"rendered":"La tardor arriba al Centre Residencial Joviar"},"content":{"rendered":"<p><span class=\"\">La tardor ??tamb\u00e9 ha arribat a l&#8217;Horta de Lleida.<\/p>\n<p>Una nova estaci\u00f3 ? en qu\u00e8 aprofitem per descobrir els seus detalls mitjan\u00e7ant els nostres sentits.<\/span><\/p>\n","protected":false},"excerpt":{"rendered":"<p>La tardor ??tamb\u00e9 ha arribat a l&#8217;Horta de Lleida.<\/p>\n","protected":false},"author":2,"featured_media":2045,"comment_status":"closed","ping_status":"closed","sticky":false,"template":"","format":"standard","meta":{"_acf_changed":false,"_et_pb_use_builder":"","_et_pb_old_content":"","_et_gb_content_width":"","footnotes":""},"categories":[4],"tags":[223,224],"class_list":["post-2044","post","type-post","status-publish","format-standard","has-post-thumbnail","hentry","category-noticies","tag-tardor","tag-tardor-2021"],"acf":[],"yoast_head":"<!-- This site is optimized with the Yoast SEO plugin v27.5 - https:\/\/yoast.com\/product\/yoast-seo-wordpress\/ -->\n<title>La tardor arriba al Centre Residencial Joviar - RESID\u00c8NCIA JOVIAR - Centre lliure de contencions<\/title>\n<meta name=\"robots\" content=\"index, follow, max-snippet:-1, max-image-preview:large, max-video-preview:-1\" \/>\n<link rel=\"canonical\" href=\"https:\/\/www.residenciajoviar.com\/es\/la-tardor-arriba-al-centre-residencial-joviar\/\" \/>\n<meta property=\"og:locale\" content=\"es_ES\" \/>\n<meta property=\"og:type\" content=\"article\" \/>\n<meta property=\"og:title\" content=\"La tardor arriba al Centre Residencial Joviar - RESID\u00c8NCIA JOVIAR - Centre lliure de contencions\" \/>\n<meta property=\"og:description\" content=\"La tardor ??tamb\u00e9 ha arribat a l&#039;Horta de Lleida.\" \/>\n<meta property=\"og:url\" content=\"https:\/\/www.residenciajoviar.com\/es\/la-tardor-arriba-al-centre-residencial-joviar\/\" \/>\n<meta property=\"og:site_name\" content=\"RESID\u00c8NCIA JOVIAR - Centre lliure de contencions\" \/>\n<meta property=\"article:publisher\" content=\"https:\/\/www.facebook.com\/residenciajoviar\/\" \/>\n<meta property=\"article:published_time\" content=\"2021-10-06T19:24:01+00:00\" \/>\n<meta property=\"article:modified_time\" content=\"2021-11-05T20:25:40+00:00\" \/>\n<meta property=\"og:image\" content=\"https:\/\/www.residenciajoviar.com\/wp-content\/uploads\/IMG-20211008-WA0005.jpg\" \/>\n\t<meta property=\"og:image:width\" content=\"1600\" \/>\n\t<meta property=\"og:image:height\" content=\"1200\" \/>\n\t<meta property=\"og:image:type\" content=\"image\/jpeg\" \/>\n<meta name=\"author\" content=\"joviar\" \/>\n<meta name=\"twitter:card\" content=\"summary_large_image\" \/>\n<meta name=\"twitter:creator\" content=\"@JoviarLleida\" \/>\n<meta name=\"twitter:site\" content=\"@JoviarLleida\" \/>\n<meta name=\"twitter:label1\" content=\"Escrito por\" \/>\n\t<meta name=\"twitter:data1\" content=\"joviar\" \/>\n<script type=\"application\/ld+json\" class=\"yoast-schema-graph\">{\"@context\":\"https:\\\/\\\/schema.org\",\"@graph\":[{\"@type\":\"Article\",\"@id\":\"https:\\\/\\\/www.residenciajoviar.com\\\/es\\\/la-tardor-arriba-al-centre-residencial-joviar\\\/#article\",\"isPartOf\":{\"@id\":\"https:\\\/\\\/www.residenciajoviar.com\\\/es\\\/la-tardor-arriba-al-centre-residencial-joviar\\\/\"},\"author\":{\"name\":\"joviar\",\"@id\":\"https:\\\/\\\/www.residenciajoviar.com\\\/#\\\/schema\\\/person\\\/924a71fa2a3d57e4b46891a48f2d22a9\"},\"headline\":\"La tardor arriba al Centre Residencial Joviar\",\"datePublished\":\"2021-10-06T19:24:01+00:00\",\"dateModified\":\"2021-11-05T20:25:40+00:00\",\"mainEntityOfPage\":{\"@id\":\"https:\\\/\\\/www.residenciajoviar.com\\\/es\\\/la-tardor-arriba-al-centre-residencial-joviar\\\/\"},\"wordCount\":33,\"image\":{\"@id\":\"https:\\\/\\\/www.residenciajoviar.com\\\/es\\\/la-tardor-arriba-al-centre-residencial-joviar\\\/#primaryimage\"},\"thumbnailUrl\":\"https:\\\/\\\/www.residenciajoviar.com\\\/wp-content\\\/uploads\\\/IMG-20211008-WA0005.jpg\",\"keywords\":[\"tardor\",\"tardor 2021\"],\"articleSection\":[\"Not\u00edcies\"],\"inLanguage\":\"es\"},{\"@type\":\"WebPage\",\"@id\":\"https:\\\/\\\/www.residenciajoviar.com\\\/es\\\/la-tardor-arriba-al-centre-residencial-joviar\\\/\",\"url\":\"https:\\\/\\\/www.residenciajoviar.com\\\/es\\\/la-tardor-arriba-al-centre-residencial-joviar\\\/\",\"name\":\"La tardor arriba al Centre Residencial Joviar - RESID\u00c8NCIA JOVIAR - Centre lliure de contencions\",\"isPartOf\":{\"@id\":\"https:\\\/\\\/www.residenciajoviar.com\\\/#website\"},\"primaryImageOfPage\":{\"@id\":\"https:\\\/\\\/www.residenciajoviar.com\\\/es\\\/la-tardor-arriba-al-centre-residencial-joviar\\\/#primaryimage\"},\"image\":{\"@id\":\"https:\\\/\\\/www.residenciajoviar.com\\\/es\\\/la-tardor-arriba-al-centre-residencial-joviar\\\/#primaryimage\"},\"thumbnailUrl\":\"https:\\\/\\\/www.residenciajoviar.com\\\/wp-content\\\/uploads\\\/IMG-20211008-WA0005.jpg\",\"datePublished\":\"2021-10-06T19:24:01+00:00\",\"dateModified\":\"2021-11-05T20:25:40+00:00\",\"author\":{\"@id\":\"https:\\\/\\\/www.residenciajoviar.com\\\/#\\\/schema\\\/person\\\/924a71fa2a3d57e4b46891a48f2d22a9\"},\"breadcrumb\":{\"@id\":\"https:\\\/\\\/www.residenciajoviar.com\\\/es\\\/la-tardor-arriba-al-centre-residencial-joviar\\\/#breadcrumb\"},\"inLanguage\":\"es\",\"potentialAction\":[{\"@type\":\"ReadAction\",\"target\":[\"https:\\\/\\\/www.residenciajoviar.com\\\/es\\\/la-tardor-arriba-al-centre-residencial-joviar\\\/\"]}]},{\"@type\":\"ImageObject\",\"inLanguage\":\"es\",\"@id\":\"https:\\\/\\\/www.residenciajoviar.com\\\/es\\\/la-tardor-arriba-al-centre-residencial-joviar\\\/#primaryimage\",\"url\":\"https:\\\/\\\/www.residenciajoviar.com\\\/wp-content\\\/uploads\\\/IMG-20211008-WA0005.jpg\",\"contentUrl\":\"https:\\\/\\\/www.residenciajoviar.com\\\/wp-content\\\/uploads\\\/IMG-20211008-WA0005.jpg\",\"width\":1600,\"height\":1200},{\"@type\":\"BreadcrumbList\",\"@id\":\"https:\\\/\\\/www.residenciajoviar.com\\\/es\\\/la-tardor-arriba-al-centre-residencial-joviar\\\/#breadcrumb\",\"itemListElement\":[{\"@type\":\"ListItem\",\"position\":1,\"name\":\"Inici\",\"item\":\"https:\\\/\\\/www.residenciajoviar.com\\\/es\\\/\"},{\"@type\":\"ListItem\",\"position\":2,\"name\":\"La tardor arriba al Centre Residencial Joviar\"}]},{\"@type\":\"WebSite\",\"@id\":\"https:\\\/\\\/www.residenciajoviar.com\\\/#website\",\"url\":\"https:\\\/\\\/www.residenciajoviar.com\\\/\",\"name\":\"RESID\u00c8NCIA JOVIAR - Centre lliure de contencions\",\"description\":\"Centre lliure de contencions\",\"potentialAction\":[{\"@type\":\"SearchAction\",\"target\":{\"@type\":\"EntryPoint\",\"urlTemplate\":\"https:\\\/\\\/www.residenciajoviar.com\\\/?s={search_term_string}\"},\"query-input\":{\"@type\":\"PropertyValueSpecification\",\"valueRequired\":true,\"valueName\":\"search_term_string\"}}],\"inLanguage\":\"es\"},{\"@type\":\"Person\",\"@id\":\"https:\\\/\\\/www.residenciajoviar.com\\\/#\\\/schema\\\/person\\\/924a71fa2a3d57e4b46891a48f2d22a9\",\"name\":\"joviar\",\"url\":\"https:\\\/\\\/www.residenciajoviar.com\\\/es\\\/author\\\/joviar\\\/\"}]}<\/script>\n<!-- \/ Yoast SEO plugin. -->","yoast_head_json":{"title":"La tardor arriba al Centre Residencial Joviar - RESID\u00c8NCIA JOVIAR - Centre lliure de contencions","robots":{"index":"index","follow":"follow","max-snippet":"max-snippet:-1","max-image-preview":"max-image-preview:large","max-video-preview":"max-video-preview:-1"},"canonical":"https:\/\/www.residenciajoviar.com\/es\/la-tardor-arriba-al-centre-residencial-joviar\/","og_locale":"es_ES","og_type":"article","og_title":"La tardor arriba al Centre Residencial Joviar - RESID\u00c8NCIA JOVIAR - Centre lliure de contencions","og_description":"La tardor ??tamb\u00e9 ha arribat a l'Horta de Lleida.","og_url":"https:\/\/www.residenciajoviar.com\/es\/la-tardor-arriba-al-centre-residencial-joviar\/","og_site_name":"RESID\u00c8NCIA JOVIAR - Centre lliure de contencions","article_publisher":"https:\/\/www.facebook.com\/residenciajoviar\/","article_published_time":"2021-10-06T19:24:01+00:00","article_modified_time":"2021-11-05T20:25:40+00:00","og_image":[{"width":1600,"height":1200,"url":"https:\/\/www.residenciajoviar.com\/wp-content\/uploads\/IMG-20211008-WA0005.jpg","type":"image\/jpeg"}],"author":"joviar","twitter_card":"summary_large_image","twitter_creator":"@JoviarLleida","twitter_site":"@JoviarLleida","twitter_misc":{"Escrito por":"joviar"},"schema":{"@context":"https:\/\/schema.org","@graph":[{"@type":"Article","@id":"https:\/\/www.residenciajoviar.com\/es\/la-tardor-arriba-al-centre-residencial-joviar\/#article","isPartOf":{"@id":"https:\/\/www.residenciajoviar.com\/es\/la-tardor-arriba-al-centre-residencial-joviar\/"},"author":{"name":"joviar","@id":"https:\/\/www.residenciajoviar.com\/#\/schema\/person\/924a71fa2a3d57e4b46891a48f2d22a9"},"headline":"La tardor arriba al Centre Residencial Joviar","datePublished":"2021-10-06T19:24:01+00:00","dateModified":"2021-11-05T20:25:40+00:00","mainEntityOfPage":{"@id":"https:\/\/www.residenciajoviar.com\/es\/la-tardor-arriba-al-centre-residencial-joviar\/"},"wordCount":33,"image":{"@id":"https:\/\/www.residenciajoviar.com\/es\/la-tardor-arriba-al-centre-residencial-joviar\/#primaryimage"},"thumbnailUrl":"https:\/\/www.residenciajoviar.com\/wp-content\/uploads\/IMG-20211008-WA0005.jpg","keywords":["tardor","tardor 2021"],"articleSection":["Not\u00edcies"],"inLanguage":"es"},{"@type":"WebPage","@id":"https:\/\/www.residenciajoviar.com\/es\/la-tardor-arriba-al-centre-residencial-joviar\/","url":"https:\/\/www.residenciajoviar.com\/es\/la-tardor-arriba-al-centre-residencial-joviar\/","name":"La tardor arriba al Centre Residencial Joviar - RESID\u00c8NCIA JOVIAR - Centre lliure de contencions","isPartOf":{"@id":"https:\/\/www.residenciajoviar.com\/#website"},"primaryImageOfPage":{"@id":"https:\/\/www.residenciajoviar.com\/es\/la-tardor-arriba-al-centre-residencial-joviar\/#primaryimage"},"image":{"@id":"https:\/\/www.residenciajoviar.com\/es\/la-tardor-arriba-al-centre-residencial-joviar\/#primaryimage"},"thumbnailUrl":"https:\/\/www.residenciajoviar.com\/wp-content\/uploads\/IMG-20211008-WA0005.jpg","datePublished":"2021-10-06T19:24:01+00:00","dateModified":"2021-11-05T20:25:40+00:00","author":{"@id":"https:\/\/www.residenciajoviar.com\/#\/schema\/person\/924a71fa2a3d57e4b46891a48f2d22a9"},"breadcrumb":{"@id":"https:\/\/www.residenciajoviar.com\/es\/la-tardor-arriba-al-centre-residencial-joviar\/#breadcrumb"},"inLanguage":"es","potentialAction":[{"@type":"ReadAction","target":["https:\/\/www.residenciajoviar.com\/es\/la-tardor-arriba-al-centre-residencial-joviar\/"]}]},{"@type":"ImageObject","inLanguage":"es","@id":"https:\/\/www.residenciajoviar.com\/es\/la-tardor-arriba-al-centre-residencial-joviar\/#primaryimage","url":"https:\/\/www.residenciajoviar.com\/wp-content\/uploads\/IMG-20211008-WA0005.jpg","contentUrl":"https:\/\/www.residenciajoviar.com\/wp-content\/uploads\/IMG-20211008-WA0005.jpg","width":1600,"height":1200},{"@type":"BreadcrumbList","@id":"https:\/\/www.residenciajoviar.com\/es\/la-tardor-arriba-al-centre-residencial-joviar\/#breadcrumb","itemListElement":[{"@type":"ListItem","position":1,"name":"Inici","item":"https:\/\/www.residenciajoviar.com\/es\/"},{"@type":"ListItem","position":2,"name":"La tardor arriba al Centre Residencial Joviar"}]},{"@type":"WebSite","@id":"https:\/\/www.residenciajoviar.com\/#website","url":"https:\/\/www.residenciajoviar.com\/","name":"RESID\u00c8NCIA JOVIAR - Centre lliure de contencions","description":"Centre lliure de contencions","potentialAction":[{"@type":"SearchAction","target":{"@type":"EntryPoint","urlTemplate":"https:\/\/www.residenciajoviar.com\/?s={search_term_string}"},"query-input":{"@type":"PropertyValueSpecification","valueRequired":true,"valueName":"search_term_string"}}],"inLanguage":"es"},{"@type":"Person","@id":"https:\/\/www.residenciajoviar.com\/#\/schema\/person\/924a71fa2a3d57e4b46891a48f2d22a9","name":"joviar","url":"https:\/\/www.residenciajoviar.com\/es\/author\/joviar\/"}]}},"_links":{"self":[{"href":"https:\/\/www.residenciajoviar.com\/es\/wp-json\/wp\/v2\/posts\/2044","targetHints":{"allow":["GET"]}}],"collection":[{"href":"https:\/\/www.residenciajoviar.com\/es\/wp-json\/wp\/v2\/posts"}],"about":[{"href":"https:\/\/www.residenciajoviar.com\/es\/wp-json\/wp\/v2\/types\/post"}],"author":[{"embeddable":true,"href":"https:\/\/www.residenciajoviar.com\/es\/wp-json\/wp\/v2\/users\/2"}],"replies":[{"embeddable":true,"href":"https:\/\/www.residenciajoviar.com\/es\/wp-json\/wp\/v2\/comments?post=2044"}],"version-history":[{"count":0,"href":"https:\/\/www.residenciajoviar.com\/es\/wp-json\/wp\/v2\/posts\/2044\/revisions"}],"wp:featuredmedia":[{"embeddable":true,"href":"https:\/\/www.residenciajoviar.com\/es\/wp-json\/wp\/v2\/media\/2045"}],"wp:attachment":[{"href":"https:\/\/www.residenciajoviar.com\/es\/wp-json\/wp\/v2\/media?parent=2044"}],"wp:term":[{"taxonomy":"category","embeddable":true,"href":"https:\/\/www.residenciajoviar.com\/es\/wp-json\/wp\/v2\/categories?post=2044"},{"taxonomy":"post_tag","embeddable":true,"href":"https:\/\/www.residenciajoviar.com\/es\/wp-json\/wp\/v2\/tags?post=2044"}],"curies":[{"name":"wp","href":"https:\/\/api.w.org\/{rel}","templated":true}]}}