{"id":2121,"date":"2022-01-01T18:48:12","date_gmt":"2022-01-01T17:48:12","guid":{"rendered":"https:\/\/www.residenciajoviar.com\/?p=2121"},"modified":"2022-02-28T18:54:00","modified_gmt":"2022-02-28T17:54:00","slug":"nadal-al-centre-residencial-joviar","status":"publish","type":"post","link":"https:\/\/www.residenciajoviar.com\/es\/nadal-al-centre-residencial-joviar\/","title":{"rendered":"Nadal al Centre Residencial Joviar"},"content":{"rendered":"<p>Les festes nadalenques s\u00f3n una oportunitat \u00fanica per celebrar. Ho sabem al Centre Residencial Joviar i per aix\u00f2, organitzem diferents activitats.<\/p>\n\n\t\t<style type=\"text\/css\">\n\t\t\t#gallery-1 {\n\t\t\t\tmargin: auto;\n\t\t\t}\n\t\t\t#gallery-1 .gallery-item {\n\t\t\t\tfloat: left;\n\t\t\t\tmargin-top: 10px;\n\t\t\t\ttext-align: center;\n\t\t\t\twidth: 25%;\n\t\t\t}\n\t\t\t#gallery-1 img {\n\t\t\t\tborder: 2px solid #cfcfcf;\n\t\t\t}\n\t\t\t#gallery-1 .gallery-caption {\n\t\t\t\tmargin-left: 0;\n\t\t\t}\n\t\t\t\/* see gallery_shortcode() in wp-includes\/media.php *\/\n\t\t<\/style>\n\t\t<div id='gallery-1' class='gallery galleryid-2121 gallery-columns-4 gallery-size-medium'><dl class='gallery-item'>\n\t\t\t<dt class='gallery-icon landscape'>\n\t\t\t\t<a href='https:\/\/www.residenciajoviar.com\/es\/nadal_centreresidencialjoviar-3-2\/'><img loading=\"lazy\" decoding=\"async\" width=\"300\" height=\"225\" src=\"https:\/\/www.residenciajoviar.com\/wp-content\/uploads\/Nadal_CentreResidencialJoviar-3-300x225.jpg\" class=\"attachment-medium size-medium\" alt=\"\" aria-describedby=\"gallery-1-2159\" \/><\/a>\n\t\t\t<\/dt>\n\t\t\t\t<dd class='wp-caption-text gallery-caption' id='gallery-1-2159'>\n\t\t\t\tLes festes nadalenques s\u00f3n una oportunitat \u00fanica per celebrar. Ho sabem al Centre Residencial Joviar i per aix\u00f2, organitzem diferents activitats.\u00a0\n\t\t\t\t<\/dd><\/dl><dl class='gallery-item'>\n\t\t\t<dt class='gallery-icon landscape'>\n\t\t\t\t<a href='https:\/\/www.residenciajoviar.com\/es\/nadal_centreresidencialjoviar-5-2\/'><img loading=\"lazy\" decoding=\"async\" width=\"300\" height=\"225\" src=\"https:\/\/www.residenciajoviar.com\/wp-content\/uploads\/Nadal_CentreResidencialJoviar-5-300x225.jpg\" class=\"attachment-medium size-medium\" alt=\"\" aria-describedby=\"gallery-1-2153\" \/><\/a>\n\t\t\t<\/dt>\n\t\t\t\t<dd class='wp-caption-text gallery-caption' id='gallery-1-2153'>\n\t\t\t\tLes festes nadalenques s\u00f3n una oportunitat \u00fanica per celebrar. Ho sabem al Centre Residencial Joviar i per aix\u00f2, organitzem diferents activitats.\u00a0\n\t\t\t\t<\/dd><\/dl><dl class='gallery-item'>\n\t\t\t<dt class='gallery-icon landscape'>\n\t\t\t\t<a href='https:\/\/www.residenciajoviar.com\/es\/nadal_centreresidencialjoviar-1-2\/'><img loading=\"lazy\" decoding=\"async\" width=\"300\" height=\"225\" src=\"https:\/\/www.residenciajoviar.com\/wp-content\/uploads\/Nadal_CentreResidencialJoviar-1-300x225.jpg\" class=\"attachment-medium size-medium\" alt=\"\" aria-describedby=\"gallery-1-2155\" \/><\/a>\n\t\t\t<\/dt>\n\t\t\t\t<dd class='wp-caption-text gallery-caption' id='gallery-1-2155'>\n\t\t\t\tLes festes nadalenques s\u00f3n una oportunitat \u00fanica per celebrar. Ho sabem al Centre Residencial Joviar i per aix\u00f2, organitzem diferents activitats.\u00a0\n\t\t\t\t<\/dd><\/dl><dl class='gallery-item'>\n\t\t\t<dt class='gallery-icon landscape'>\n\t\t\t\t<a href='https:\/\/www.residenciajoviar.com\/es\/nadal_centreresidencialjoviar-2-2\/'><img loading=\"lazy\" decoding=\"async\" width=\"300\" height=\"225\" src=\"https:\/\/www.residenciajoviar.com\/wp-content\/uploads\/Nadal_CentreResidencialJoviar-2-300x225.jpg\" class=\"attachment-medium size-medium\" alt=\"\" aria-describedby=\"gallery-1-2157\" \/><\/a>\n\t\t\t<\/dt>\n\t\t\t\t<dd class='wp-caption-text gallery-caption' id='gallery-1-2157'>\n\t\t\t\tLes festes nadalenques s\u00f3n una oportunitat \u00fanica per celebrar. Ho sabem al Centre Residencial Joviar i per aix\u00f2, organitzem diferents activitats.\u00a0\n\t\t\t\t<\/dd><\/dl><br style=\"clear: both\" \/><dl class='gallery-item'>\n\t\t\t<dt class='gallery-icon landscape'>\n\t\t\t\t<a href='https:\/\/www.residenciajoviar.com\/es\/nadal_centreresidencialjoviar-4-2\/'><img loading=\"lazy\" decoding=\"async\" width=\"300\" height=\"225\" src=\"https:\/\/www.residenciajoviar.com\/wp-content\/uploads\/Nadal_CentreResidencialJoviar-4-300x225.jpg\" class=\"attachment-medium size-medium\" alt=\"\" aria-describedby=\"gallery-1-2161\" \/><\/a>\n\t\t\t<\/dt>\n\t\t\t\t<dd class='wp-caption-text gallery-caption' id='gallery-1-2161'>\n\t\t\t\tLes festes nadalenques s\u00f3n una oportunitat \u00fanica per celebrar. Ho sabem al Centre Residencial Joviar i per aix\u00f2, organitzem diferents activitats.\u00a0\n\t\t\t\t<\/dd><\/dl><dl class='gallery-item'>\n\t\t\t<dt class='gallery-icon landscape'>\n\t\t\t\t<a href='https:\/\/www.residenciajoviar.com\/es\/211224_centre_residencial_joviar-3-2\/'><img loading=\"lazy\" decoding=\"async\" width=\"300\" height=\"225\" src=\"https:\/\/www.residenciajoviar.com\/wp-content\/uploads\/211224_Centre_Residencial_Joviar-3-300x225.jpg\" class=\"attachment-medium size-medium\" alt=\"\" aria-describedby=\"gallery-1-2147\" \/><\/a>\n\t\t\t<\/dt>\n\t\t\t\t<dd class='wp-caption-text gallery-caption' id='gallery-1-2147'>\n\t\t\t\tLes festes nadalenques s\u00f3n una oportunitat \u00fanica per celebrar. Ho sabem al Centre Residencial Joviar i per aix\u00f2, organitzem diferents activitats.\u00a0\n\t\t\t\t<\/dd><\/dl><dl class='gallery-item'>\n\t\t\t<dt class='gallery-icon landscape'>\n\t\t\t\t<a href='https:\/\/www.residenciajoviar.com\/es\/211224_centre_residencial_joviar-4-2\/'><img loading=\"lazy\" decoding=\"async\" width=\"300\" height=\"225\" src=\"https:\/\/www.residenciajoviar.com\/wp-content\/uploads\/211224_Centre_Residencial_Joviar-4-300x225.jpg\" class=\"attachment-medium size-medium\" alt=\"\" aria-describedby=\"gallery-1-2149\" \/><\/a>\n\t\t\t<\/dt>\n\t\t\t\t<dd class='wp-caption-text gallery-caption' id='gallery-1-2149'>\n\t\t\t\tLes festes nadalenques s\u00f3n una oportunitat \u00fanica per celebrar. Ho sabem al Centre Residencial Joviar i per aix\u00f2, organitzem diferents activitats.\u00a0\n\t\t\t\t<\/dd><\/dl><dl class='gallery-item'>\n\t\t\t<dt class='gallery-icon landscape'>\n\t\t\t\t<a href='https:\/\/www.residenciajoviar.com\/es\/211224_centre_residencial_joviar-2-2\/'><img loading=\"lazy\" decoding=\"async\" width=\"300\" height=\"225\" src=\"https:\/\/www.residenciajoviar.com\/wp-content\/uploads\/211224_Centre_Residencial_Joviar-2-300x225.jpg\" class=\"attachment-medium size-medium\" alt=\"\" aria-describedby=\"gallery-1-2145\" \/><\/a>\n\t\t\t<\/dt>\n\t\t\t\t<dd class='wp-caption-text gallery-caption' id='gallery-1-2145'>\n\t\t\t\tLes festes nadalenques s\u00f3n una oportunitat \u00fanica per celebrar. Ho sabem al Centre Residencial Joviar i per aix\u00f2, organitzem diferents activitats.\u00a0\n\t\t\t\t<\/dd><\/dl><br style=\"clear: both\" \/><dl class='gallery-item'>\n\t\t\t<dt class='gallery-icon landscape'>\n\t\t\t\t<a href='https:\/\/www.residenciajoviar.com\/es\/211224_centre_residencial_joviar-5-2\/'><img loading=\"lazy\" decoding=\"async\" width=\"300\" height=\"225\" src=\"https:\/\/www.residenciajoviar.com\/wp-content\/uploads\/211224_Centre_Residencial_Joviar-5-300x225.jpg\" class=\"attachment-medium size-medium\" alt=\"\" aria-describedby=\"gallery-1-2151\" \/><\/a>\n\t\t\t<\/dt>\n\t\t\t\t<dd class='wp-caption-text gallery-caption' id='gallery-1-2151'>\n\t\t\t\tLes festes nadalenques s\u00f3n una oportunitat \u00fanica per celebrar. Ho sabem al Centre Residencial Joviar i per aix\u00f2, organitzem diferents activitats.\u00a0\n\t\t\t\t<\/dd><\/dl><dl class='gallery-item'>\n\t\t\t<dt class='gallery-icon landscape'>\n\t\t\t\t<a href='https:\/\/www.residenciajoviar.com\/es\/img-20220101-wa0031-2\/'><img loading=\"lazy\" decoding=\"async\" width=\"300\" height=\"225\" src=\"https:\/\/www.residenciajoviar.com\/wp-content\/uploads\/IMG-20220101-WA0031-300x225.jpg\" class=\"attachment-medium size-medium\" alt=\"\" aria-describedby=\"gallery-1-2123\" \/><\/a>\n\t\t\t<\/dt>\n\t\t\t\t<dd class='wp-caption-text gallery-caption' id='gallery-1-2123'>\n\t\t\t\tLes festes nadalenques s\u00f3n una oportunitat \u00fanica per celebrar. Ho sabem al Centre Residencial Joviar i per aix\u00f2, organitzem diferents activitats.\u00a0\n\t\t\t\t<\/dd><\/dl><dl class='gallery-item'>\n\t\t\t<dt class='gallery-icon landscape'>\n\t\t\t\t<a href='https:\/\/www.residenciajoviar.com\/es\/img-20220101-wa0028-2\/'><img loading=\"lazy\" decoding=\"async\" width=\"300\" height=\"225\" src=\"https:\/\/www.residenciajoviar.com\/wp-content\/uploads\/IMG-20220101-WA0028-300x225.jpg\" class=\"attachment-medium size-medium\" alt=\"\" aria-describedby=\"gallery-1-2125\" \/><\/a>\n\t\t\t<\/dt>\n\t\t\t\t<dd class='wp-caption-text gallery-caption' id='gallery-1-2125'>\n\t\t\t\tLes festes nadalenques s\u00f3n una oportunitat \u00fanica per celebrar. Ho sabem al Centre Residencial Joviar i per aix\u00f2, organitzem diferents activitats.\u00a0\n\t\t\t\t<\/dd><\/dl><dl class='gallery-item'>\n\t\t\t<dt class='gallery-icon landscape'>\n\t\t\t\t<a href='https:\/\/www.residenciajoviar.com\/es\/img-20220101-wa0030-2\/'><img loading=\"lazy\" decoding=\"async\" width=\"300\" height=\"225\" src=\"https:\/\/www.residenciajoviar.com\/wp-content\/uploads\/IMG-20220101-WA0030-300x225.jpg\" class=\"attachment-medium size-medium\" alt=\"\" aria-describedby=\"gallery-1-2127\" \/><\/a>\n\t\t\t<\/dt>\n\t\t\t\t<dd class='wp-caption-text gallery-caption' id='gallery-1-2127'>\n\t\t\t\tLes festes nadalenques s\u00f3n una oportunitat \u00fanica per celebrar. Ho sabem al Centre Residencial Joviar i per aix\u00f2, organitzem diferents activitats.\u00a0\n\t\t\t\t<\/dd><\/dl><br style=\"clear: both\" \/><dl class='gallery-item'>\n\t\t\t<dt class='gallery-icon landscape'>\n\t\t\t\t<a href='https:\/\/www.residenciajoviar.com\/es\/img-20220101-wa0027-2\/'><img loading=\"lazy\" decoding=\"async\" width=\"300\" height=\"225\" src=\"https:\/\/www.residenciajoviar.com\/wp-content\/uploads\/IMG-20220101-WA0027-300x225.jpg\" class=\"attachment-medium size-medium\" alt=\"\" aria-describedby=\"gallery-1-2129\" \/><\/a>\n\t\t\t<\/dt>\n\t\t\t\t<dd class='wp-caption-text gallery-caption' id='gallery-1-2129'>\n\t\t\t\tLes festes nadalenques s\u00f3n una oportunitat \u00fanica per celebrar. Ho sabem al Centre Residencial Joviar i per aix\u00f2, organitzem diferents activitats.\u00a0\n\t\t\t\t<\/dd><\/dl><dl class='gallery-item'>\n\t\t\t<dt class='gallery-icon landscape'>\n\t\t\t\t<a href='https:\/\/www.residenciajoviar.com\/es\/img-20220101-wa0029-2\/'><img loading=\"lazy\" decoding=\"async\" width=\"300\" height=\"225\" src=\"https:\/\/www.residenciajoviar.com\/wp-content\/uploads\/IMG-20220101-WA0029-300x225.jpg\" class=\"attachment-medium size-medium\" alt=\"\" aria-describedby=\"gallery-1-2131\" \/><\/a>\n\t\t\t<\/dt>\n\t\t\t\t<dd class='wp-caption-text gallery-caption' id='gallery-1-2131'>\n\t\t\t\tLes festes nadalenques s\u00f3n una oportunitat \u00fanica per celebrar. Ho sabem al Centre Residencial Joviar i per aix\u00f2, organitzem diferents activitats.\u00a0\n\t\t\t\t<\/dd><\/dl><dl class='gallery-item'>\n\t\t\t<dt class='gallery-icon portrait'>\n\t\t\t\t<a href='https:\/\/www.residenciajoviar.com\/es\/img-20220105-wa0010-2\/'><img loading=\"lazy\" decoding=\"async\" width=\"225\" height=\"300\" src=\"https:\/\/www.residenciajoviar.com\/wp-content\/uploads\/IMG-20220105-WA0010-225x300.jpg\" class=\"attachment-medium size-medium\" alt=\"\" aria-describedby=\"gallery-1-2133\" \/><\/a>\n\t\t\t<\/dt>\n\t\t\t\t<dd class='wp-caption-text gallery-caption' id='gallery-1-2133'>\n\t\t\t\tLes festes nadalenques s\u00f3n una oportunitat \u00fanica per celebrar. Ho sabem al Centre Residencial Joviar i per aix\u00f2, organitzem diferents activitats.\u00a0\n\t\t\t\t<\/dd><\/dl><dl class='gallery-item'>\n\t\t\t<dt class='gallery-icon portrait'>\n\t\t\t\t<a href='https:\/\/www.residenciajoviar.com\/es\/img-20220105-wa0011-2\/'><img loading=\"lazy\" decoding=\"async\" width=\"225\" height=\"300\" src=\"https:\/\/www.residenciajoviar.com\/wp-content\/uploads\/IMG-20220105-WA0011-225x300.jpg\" class=\"attachment-medium size-medium\" alt=\"\" aria-describedby=\"gallery-1-2135\" \/><\/a>\n\t\t\t<\/dt>\n\t\t\t\t<dd class='wp-caption-text gallery-caption' id='gallery-1-2135'>\n\t\t\t\tLes festes nadalenques s\u00f3n una oportunitat \u00fanica per celebrar. Ho sabem al Centre Residencial Joviar i per aix\u00f2, organitzem diferents activitats.\u00a0\n\t\t\t\t<\/dd><\/dl><br style=\"clear: both\" \/><dl class='gallery-item'>\n\t\t\t<dt class='gallery-icon portrait'>\n\t\t\t\t<a href='https:\/\/www.residenciajoviar.com\/es\/img-20220105-wa0017-2\/'><img loading=\"lazy\" decoding=\"async\" width=\"225\" height=\"300\" src=\"https:\/\/www.residenciajoviar.com\/wp-content\/uploads\/IMG-20220105-WA0017-225x300.jpg\" class=\"attachment-medium size-medium\" alt=\"\" aria-describedby=\"gallery-1-2137\" \/><\/a>\n\t\t\t<\/dt>\n\t\t\t\t<dd class='wp-caption-text gallery-caption' id='gallery-1-2137'>\n\t\t\t\tLes festes nadalenques s\u00f3n una oportunitat \u00fanica per celebrar. Ho sabem al Centre Residencial Joviar i per aix\u00f2, organitzem diferents activitats.\u00a0\n\t\t\t\t<\/dd><\/dl><dl class='gallery-item'>\n\t\t\t<dt class='gallery-icon portrait'>\n\t\t\t\t<a href='https:\/\/www.residenciajoviar.com\/es\/img-20220105-wa0018-2\/'><img loading=\"lazy\" decoding=\"async\" width=\"225\" height=\"300\" src=\"https:\/\/www.residenciajoviar.com\/wp-content\/uploads\/IMG-20220105-WA0018-225x300.jpg\" class=\"attachment-medium size-medium\" alt=\"\" aria-describedby=\"gallery-1-2139\" \/><\/a>\n\t\t\t<\/dt>\n\t\t\t\t<dd class='wp-caption-text gallery-caption' id='gallery-1-2139'>\n\t\t\t\tLes festes nadalenques s\u00f3n una oportunitat \u00fanica per celebrar. Ho sabem al Centre Residencial Joviar i per aix\u00f2, organitzem diferents activitats.\u00a0\n\t\t\t\t<\/dd><\/dl><dl class='gallery-item'>\n\t\t\t<dt class='gallery-icon portrait'>\n\t\t\t\t<a href='https:\/\/www.residenciajoviar.com\/es\/img-20220105-wa0019-2\/'><img loading=\"lazy\" decoding=\"async\" width=\"225\" height=\"300\" src=\"https:\/\/www.residenciajoviar.com\/wp-content\/uploads\/IMG-20220105-WA0019-225x300.jpg\" class=\"attachment-medium size-medium\" alt=\"\" aria-describedby=\"gallery-1-2141\" \/><\/a>\n\t\t\t<\/dt>\n\t\t\t\t<dd class='wp-caption-text gallery-caption' id='gallery-1-2141'>\n\t\t\t\tLes festes nadalenques s\u00f3n una oportunitat \u00fanica per celebrar. Ho sabem al Centre Residencial Joviar i per aix\u00f2, organitzem diferents activitats.\u00a0Les festes nadalenques s\u00f3n una oportunitat \u00fanica per celebrar. Ho sabem al Centre Residencial Joviar i per aix\u00f2, organitzem diferents activitats.\u00a0\n\t\t\t\t<\/dd><\/dl><dl class='gallery-item'>\n\t\t\t<dt class='gallery-icon portrait'>\n\t\t\t\t<a href='https:\/\/www.residenciajoviar.com\/es\/img-20220105-wa0021-2\/'><img loading=\"lazy\" decoding=\"async\" width=\"225\" height=\"300\" src=\"https:\/\/www.residenciajoviar.com\/wp-content\/uploads\/IMG-20220105-WA0021-225x300.jpg\" class=\"attachment-medium size-medium\" alt=\"\" aria-describedby=\"gallery-1-2143\" \/><\/a>\n\t\t\t<\/dt>\n\t\t\t\t<dd class='wp-caption-text gallery-caption' id='gallery-1-2143'>\n\t\t\t\tLes festes nadalenques s\u00f3n una oportunitat \u00fanica per celebrar. Ho sabem al Centre Residencial Joviar i per aix\u00f2, organitzem diferents activitats.\u00a0\n\t\t\t\t<\/dd><\/dl><br style=\"clear: both\" \/>\n\t\t<\/div>\n\n","protected":false},"excerpt":{"rendered":"<p>Les festes nadalenques s\u00f3n una oportunitat \u00fanica per celebrar. Ho sabem al Centre Residencial Joviar i per aix\u00f2, organitzem diferents activitats.\u00a0<\/p>\n","protected":false},"author":2,"featured_media":2146,"comment_status":"closed","ping_status":"closed","sticky":false,"template":"","format":"standard","meta":{"_acf_changed":false,"_et_pb_use_builder":"","_et_pb_old_content":"","_et_gb_content_width":"","footnotes":""},"categories":[4],"tags":[42],"class_list":["post-2121","post","type-post","status-publish","format-standard","has-post-thumbnail","hentry","category-noticies","tag-nadal"],"acf":[],"yoast_head":"<!-- This site is optimized with the Yoast SEO plugin v27.5 - https:\/\/yoast.com\/product\/yoast-seo-wordpress\/ -->\n<title>Nadal al Centre Residencial Joviar - RESID\u00c8NCIA JOVIAR - Centre lliure de contencions<\/title>\n<meta name=\"robots\" content=\"index, follow, max-snippet:-1, max-image-preview:large, max-video-preview:-1\" \/>\n<link rel=\"canonical\" href=\"https:\/\/www.residenciajoviar.com\/nadal-al-centre-residencial-joviar\/\" \/>\n<meta property=\"og:locale\" content=\"es_ES\" \/>\n<meta property=\"og:type\" content=\"article\" \/>\n<meta property=\"og:title\" content=\"Nadal al Centre Residencial Joviar - RESID\u00c8NCIA JOVIAR - Centre lliure de contencions\" \/>\n<meta property=\"og:description\" content=\"Les festes nadalenques s\u00f3n una oportunitat \u00fanica per celebrar. Ho sabem al Centre Residencial Joviar i per aix\u00f2, organitzem diferents activitats.\u00a0\" \/>\n<meta property=\"og:url\" content=\"https:\/\/www.residenciajoviar.com\/nadal-al-centre-residencial-joviar\/\" \/>\n<meta property=\"og:site_name\" content=\"RESID\u00c8NCIA JOVIAR - Centre lliure de contencions\" \/>\n<meta property=\"article:publisher\" content=\"https:\/\/www.facebook.com\/residenciajoviar\/\" \/>\n<meta property=\"article:published_time\" content=\"2022-01-01T17:48:12+00:00\" \/>\n<meta property=\"article:modified_time\" content=\"2022-02-28T17:54:00+00:00\" \/>\n<meta property=\"og:image\" content=\"https:\/\/www.residenciajoviar.com\/wp-content\/uploads\/211224_Centre_Residencial_Joviar-3.jpg\" \/>\n\t<meta property=\"og:image:width\" content=\"1600\" \/>\n\t<meta property=\"og:image:height\" content=\"1200\" \/>\n\t<meta property=\"og:image:type\" content=\"image\/jpeg\" \/>\n<meta name=\"author\" content=\"joviar\" \/>\n<meta name=\"twitter:card\" content=\"summary_large_image\" \/>\n<meta name=\"twitter:creator\" content=\"@JoviarLleida\" \/>\n<meta name=\"twitter:site\" content=\"@JoviarLleida\" \/>\n<meta name=\"twitter:label1\" content=\"Escrito por\" \/>\n\t<meta name=\"twitter:data1\" content=\"joviar\" \/>\n<script type=\"application\/ld+json\" class=\"yoast-schema-graph\">{\"@context\":\"https:\\\/\\\/schema.org\",\"@graph\":[{\"@type\":\"Article\",\"@id\":\"https:\\\/\\\/www.residenciajoviar.com\\\/nadal-al-centre-residencial-joviar\\\/#article\",\"isPartOf\":{\"@id\":\"https:\\\/\\\/www.residenciajoviar.com\\\/nadal-al-centre-residencial-joviar\\\/\"},\"author\":{\"name\":\"joviar\",\"@id\":\"https:\\\/\\\/www.residenciajoviar.com\\\/#\\\/schema\\\/person\\\/924a71fa2a3d57e4b46891a48f2d22a9\"},\"headline\":\"Nadal al Centre Residencial Joviar\",\"datePublished\":\"2022-01-01T17:48:12+00:00\",\"dateModified\":\"2022-02-28T17:54:00+00:00\",\"mainEntityOfPage\":{\"@id\":\"https:\\\/\\\/www.residenciajoviar.com\\\/nadal-al-centre-residencial-joviar\\\/\"},\"wordCount\":32,\"image\":{\"@id\":\"https:\\\/\\\/www.residenciajoviar.com\\\/nadal-al-centre-residencial-joviar\\\/#primaryimage\"},\"thumbnailUrl\":\"https:\\\/\\\/www.residenciajoviar.com\\\/wp-content\\\/uploads\\\/211224_Centre_Residencial_Joviar-3.jpg\",\"keywords\":[\"nadal\"],\"articleSection\":[\"Not\u00edcies\"],\"inLanguage\":\"es\"},{\"@type\":\"WebPage\",\"@id\":\"https:\\\/\\\/www.residenciajoviar.com\\\/nadal-al-centre-residencial-joviar\\\/\",\"url\":\"https:\\\/\\\/www.residenciajoviar.com\\\/nadal-al-centre-residencial-joviar\\\/\",\"name\":\"Nadal al Centre Residencial Joviar - RESID\u00c8NCIA JOVIAR - Centre lliure de contencions\",\"isPartOf\":{\"@id\":\"https:\\\/\\\/www.residenciajoviar.com\\\/#website\"},\"primaryImageOfPage\":{\"@id\":\"https:\\\/\\\/www.residenciajoviar.com\\\/nadal-al-centre-residencial-joviar\\\/#primaryimage\"},\"image\":{\"@id\":\"https:\\\/\\\/www.residenciajoviar.com\\\/nadal-al-centre-residencial-joviar\\\/#primaryimage\"},\"thumbnailUrl\":\"https:\\\/\\\/www.residenciajoviar.com\\\/wp-content\\\/uploads\\\/211224_Centre_Residencial_Joviar-3.jpg\",\"datePublished\":\"2022-01-01T17:48:12+00:00\",\"dateModified\":\"2022-02-28T17:54:00+00:00\",\"author\":{\"@id\":\"https:\\\/\\\/www.residenciajoviar.com\\\/#\\\/schema\\\/person\\\/924a71fa2a3d57e4b46891a48f2d22a9\"},\"breadcrumb\":{\"@id\":\"https:\\\/\\\/www.residenciajoviar.com\\\/nadal-al-centre-residencial-joviar\\\/#breadcrumb\"},\"inLanguage\":\"es\",\"potentialAction\":[{\"@type\":\"ReadAction\",\"target\":[\"https:\\\/\\\/www.residenciajoviar.com\\\/nadal-al-centre-residencial-joviar\\\/\"]}]},{\"@type\":\"ImageObject\",\"inLanguage\":\"es\",\"@id\":\"https:\\\/\\\/www.residenciajoviar.com\\\/nadal-al-centre-residencial-joviar\\\/#primaryimage\",\"url\":\"https:\\\/\\\/www.residenciajoviar.com\\\/wp-content\\\/uploads\\\/211224_Centre_Residencial_Joviar-3.jpg\",\"contentUrl\":\"https:\\\/\\\/www.residenciajoviar.com\\\/wp-content\\\/uploads\\\/211224_Centre_Residencial_Joviar-3.jpg\",\"width\":1600,\"height\":1200,\"caption\":\"Les festes nadalenques s\u00f3n una oportunitat \u00fanica per celebrar. Ho sabem al Centre Residencial Joviar i per aix\u00f2, organitzem diferents activitats.\u00a0\"},{\"@type\":\"BreadcrumbList\",\"@id\":\"https:\\\/\\\/www.residenciajoviar.com\\\/nadal-al-centre-residencial-joviar\\\/#breadcrumb\",\"itemListElement\":[{\"@type\":\"ListItem\",\"position\":1,\"name\":\"Inici\",\"item\":\"https:\\\/\\\/www.residenciajoviar.com\\\/es\\\/\"},{\"@type\":\"ListItem\",\"position\":2,\"name\":\"Nadal al Centre Residencial Joviar\"}]},{\"@type\":\"WebSite\",\"@id\":\"https:\\\/\\\/www.residenciajoviar.com\\\/#website\",\"url\":\"https:\\\/\\\/www.residenciajoviar.com\\\/\",\"name\":\"RESID\u00c8NCIA JOVIAR - Centre lliure de contencions\",\"description\":\"Centre lliure de contencions\",\"potentialAction\":[{\"@type\":\"SearchAction\",\"target\":{\"@type\":\"EntryPoint\",\"urlTemplate\":\"https:\\\/\\\/www.residenciajoviar.com\\\/?s={search_term_string}\"},\"query-input\":{\"@type\":\"PropertyValueSpecification\",\"valueRequired\":true,\"valueName\":\"search_term_string\"}}],\"inLanguage\":\"es\"},{\"@type\":\"Person\",\"@id\":\"https:\\\/\\\/www.residenciajoviar.com\\\/#\\\/schema\\\/person\\\/924a71fa2a3d57e4b46891a48f2d22a9\",\"name\":\"joviar\",\"url\":\"https:\\\/\\\/www.residenciajoviar.com\\\/es\\\/author\\\/joviar\\\/\"}]}<\/script>\n<!-- \/ Yoast SEO plugin. -->","yoast_head_json":{"title":"Nadal al Centre Residencial Joviar - RESID\u00c8NCIA JOVIAR - Centre lliure de contencions","robots":{"index":"index","follow":"follow","max-snippet":"max-snippet:-1","max-image-preview":"max-image-preview:large","max-video-preview":"max-video-preview:-1"},"canonical":"https:\/\/www.residenciajoviar.com\/nadal-al-centre-residencial-joviar\/","og_locale":"es_ES","og_type":"article","og_title":"Nadal al Centre Residencial Joviar - RESID\u00c8NCIA JOVIAR - Centre lliure de contencions","og_description":"Les festes nadalenques s\u00f3n una oportunitat \u00fanica per celebrar. Ho sabem al Centre Residencial Joviar i per aix\u00f2, organitzem diferents activitats.\u00a0","og_url":"https:\/\/www.residenciajoviar.com\/nadal-al-centre-residencial-joviar\/","og_site_name":"RESID\u00c8NCIA JOVIAR - Centre lliure de contencions","article_publisher":"https:\/\/www.facebook.com\/residenciajoviar\/","article_published_time":"2022-01-01T17:48:12+00:00","article_modified_time":"2022-02-28T17:54:00+00:00","og_image":[{"width":1600,"height":1200,"url":"https:\/\/www.residenciajoviar.com\/wp-content\/uploads\/211224_Centre_Residencial_Joviar-3.jpg","type":"image\/jpeg"}],"author":"joviar","twitter_card":"summary_large_image","twitter_creator":"@JoviarLleida","twitter_site":"@JoviarLleida","twitter_misc":{"Escrito por":"joviar"},"schema":{"@context":"https:\/\/schema.org","@graph":[{"@type":"Article","@id":"https:\/\/www.residenciajoviar.com\/nadal-al-centre-residencial-joviar\/#article","isPartOf":{"@id":"https:\/\/www.residenciajoviar.com\/nadal-al-centre-residencial-joviar\/"},"author":{"name":"joviar","@id":"https:\/\/www.residenciajoviar.com\/#\/schema\/person\/924a71fa2a3d57e4b46891a48f2d22a9"},"headline":"Nadal al Centre Residencial Joviar","datePublished":"2022-01-01T17:48:12+00:00","dateModified":"2022-02-28T17:54:00+00:00","mainEntityOfPage":{"@id":"https:\/\/www.residenciajoviar.com\/nadal-al-centre-residencial-joviar\/"},"wordCount":32,"image":{"@id":"https:\/\/www.residenciajoviar.com\/nadal-al-centre-residencial-joviar\/#primaryimage"},"thumbnailUrl":"https:\/\/www.residenciajoviar.com\/wp-content\/uploads\/211224_Centre_Residencial_Joviar-3.jpg","keywords":["nadal"],"articleSection":["Not\u00edcies"],"inLanguage":"es"},{"@type":"WebPage","@id":"https:\/\/www.residenciajoviar.com\/nadal-al-centre-residencial-joviar\/","url":"https:\/\/www.residenciajoviar.com\/nadal-al-centre-residencial-joviar\/","name":"Nadal al Centre Residencial Joviar - RESID\u00c8NCIA JOVIAR - Centre lliure de contencions","isPartOf":{"@id":"https:\/\/www.residenciajoviar.com\/#website"},"primaryImageOfPage":{"@id":"https:\/\/www.residenciajoviar.com\/nadal-al-centre-residencial-joviar\/#primaryimage"},"image":{"@id":"https:\/\/www.residenciajoviar.com\/nadal-al-centre-residencial-joviar\/#primaryimage"},"thumbnailUrl":"https:\/\/www.residenciajoviar.com\/wp-content\/uploads\/211224_Centre_Residencial_Joviar-3.jpg","datePublished":"2022-01-01T17:48:12+00:00","dateModified":"2022-02-28T17:54:00+00:00","author":{"@id":"https:\/\/www.residenciajoviar.com\/#\/schema\/person\/924a71fa2a3d57e4b46891a48f2d22a9"},"breadcrumb":{"@id":"https:\/\/www.residenciajoviar.com\/nadal-al-centre-residencial-joviar\/#breadcrumb"},"inLanguage":"es","potentialAction":[{"@type":"ReadAction","target":["https:\/\/www.residenciajoviar.com\/nadal-al-centre-residencial-joviar\/"]}]},{"@type":"ImageObject","inLanguage":"es","@id":"https:\/\/www.residenciajoviar.com\/nadal-al-centre-residencial-joviar\/#primaryimage","url":"https:\/\/www.residenciajoviar.com\/wp-content\/uploads\/211224_Centre_Residencial_Joviar-3.jpg","contentUrl":"https:\/\/www.residenciajoviar.com\/wp-content\/uploads\/211224_Centre_Residencial_Joviar-3.jpg","width":1600,"height":1200,"caption":"Les festes nadalenques s\u00f3n una oportunitat \u00fanica per celebrar. Ho sabem al Centre Residencial Joviar i per aix\u00f2, organitzem diferents activitats.\u00a0"},{"@type":"BreadcrumbList","@id":"https:\/\/www.residenciajoviar.com\/nadal-al-centre-residencial-joviar\/#breadcrumb","itemListElement":[{"@type":"ListItem","position":1,"name":"Inici","item":"https:\/\/www.residenciajoviar.com\/es\/"},{"@type":"ListItem","position":2,"name":"Nadal al Centre Residencial Joviar"}]},{"@type":"WebSite","@id":"https:\/\/www.residenciajoviar.com\/#website","url":"https:\/\/www.residenciajoviar.com\/","name":"RESID\u00c8NCIA JOVIAR - Centre lliure de contencions","description":"Centre lliure de contencions","potentialAction":[{"@type":"SearchAction","target":{"@type":"EntryPoint","urlTemplate":"https:\/\/www.residenciajoviar.com\/?s={search_term_string}"},"query-input":{"@type":"PropertyValueSpecification","valueRequired":true,"valueName":"search_term_string"}}],"inLanguage":"es"},{"@type":"Person","@id":"https:\/\/www.residenciajoviar.com\/#\/schema\/person\/924a71fa2a3d57e4b46891a48f2d22a9","name":"joviar","url":"https:\/\/www.residenciajoviar.com\/es\/author\/joviar\/"}]}},"_links":{"self":[{"href":"https:\/\/www.residenciajoviar.com\/es\/wp-json\/wp\/v2\/posts\/2121","targetHints":{"allow":["GET"]}}],"collection":[{"href":"https:\/\/www.residenciajoviar.com\/es\/wp-json\/wp\/v2\/posts"}],"about":[{"href":"https:\/\/www.residenciajoviar.com\/es\/wp-json\/wp\/v2\/types\/post"}],"author":[{"embeddable":true,"href":"https:\/\/www.residenciajoviar.com\/es\/wp-json\/wp\/v2\/users\/2"}],"replies":[{"embeddable":true,"href":"https:\/\/www.residenciajoviar.com\/es\/wp-json\/wp\/v2\/comments?post=2121"}],"version-history":[{"count":0,"href":"https:\/\/www.residenciajoviar.com\/es\/wp-json\/wp\/v2\/posts\/2121\/revisions"}],"wp:featuredmedia":[{"embeddable":true,"href":"https:\/\/www.residenciajoviar.com\/es\/wp-json\/wp\/v2\/media\/2146"}],"wp:attachment":[{"href":"https:\/\/www.residenciajoviar.com\/es\/wp-json\/wp\/v2\/media?parent=2121"}],"wp:term":[{"taxonomy":"category","embeddable":true,"href":"https:\/\/www.residenciajoviar.com\/es\/wp-json\/wp\/v2\/categories?post=2121"},{"taxonomy":"post_tag","embeddable":true,"href":"https:\/\/www.residenciajoviar.com\/es\/wp-json\/wp\/v2\/tags?post=2121"}],"curies":[{"name":"wp","href":"https:\/\/api.w.org\/{rel}","templated":true}]}}