{"id":2481,"date":"2022-06-29T20:14:16","date_gmt":"2022-06-29T18:14:16","guid":{"rendered":"https:\/\/www.residenciajoviar.com\/?p=2481"},"modified":"2022-07-13T20:15:32","modified_gmt":"2022-07-13T18:15:32","slug":"dia-de-lorgull-lgtbi","status":"publish","type":"post","link":"https:\/\/www.residenciajoviar.com\/es\/dia-de-lorgull-lgtbi\/","title":{"rendered":"Dia de l&#8217;Orgull LGTBI+"},"content":{"rendered":"<p><span class=\"_aacl _aaco _aacu _aacx _aad7 _aade\">Aquesta setmana hem celebrat el dia de l&#8217;orgull LGTBI+?\ufe0f\u200d??\ufe0f\u200d\u26a7\ufe0f, perqu\u00e8 a la resid\u00e8ncia Joviar considerem que l&#8217;amor \u00e9s independentment del g\u00e8nere.<\/span><\/p>\n","protected":false},"excerpt":{"rendered":"<p>Aquesta setmana hem celebrat el dia de l&#8217;orgull LGTBI+?\ufe0f\u200d??\ufe0f\u200d\u26a7\ufe0f, perqu\u00e8 a la resid\u00e8ncia Joviar considerem que l&#8217;amor \u00e9s independentment del g\u00e8nere.<\/p>\n","protected":false},"author":2,"featured_media":2482,"comment_status":"closed","ping_status":"closed","sticky":false,"template":"","format":"standard","meta":{"_acf_changed":false,"_et_pb_use_builder":"","_et_pb_old_content":"","_et_gb_content_width":"","footnotes":""},"categories":[4],"tags":[237],"class_list":["post-2481","post","type-post","status-publish","format-standard","has-post-thumbnail","hentry","category-noticies","tag-dia-orgull"],"acf":[],"yoast_head":"<!-- This site is optimized with the Yoast SEO plugin v27.5 - https:\/\/yoast.com\/product\/yoast-seo-wordpress\/ -->\n<title>Dia de l&#039;Orgull LGTBI+ - RESID\u00c8NCIA JOVIAR - Centre lliure de contencions<\/title>\n<meta name=\"robots\" content=\"index, follow, max-snippet:-1, max-image-preview:large, max-video-preview:-1\" \/>\n<link rel=\"canonical\" href=\"https:\/\/www.residenciajoviar.com\/dia-de-lorgull-lgtbi\/\" \/>\n<meta property=\"og:locale\" content=\"es_ES\" \/>\n<meta property=\"og:type\" content=\"article\" \/>\n<meta property=\"og:title\" content=\"Dia de l&#039;Orgull LGTBI+ - RESID\u00c8NCIA JOVIAR - Centre lliure de contencions\" \/>\n<meta property=\"og:description\" content=\"Aquesta setmana hem celebrat el dia de l&#8217;orgull LGTBI+?\ufe0f\u200d??\ufe0f\u200d\u26a7\ufe0f, perqu\u00e8 a la resid\u00e8ncia Joviar considerem que l&#8217;amor \u00e9s independentment del g\u00e8nere.\" \/>\n<meta property=\"og:url\" content=\"https:\/\/www.residenciajoviar.com\/dia-de-lorgull-lgtbi\/\" \/>\n<meta property=\"og:site_name\" content=\"RESID\u00c8NCIA JOVIAR - Centre lliure de contencions\" \/>\n<meta property=\"article:publisher\" content=\"https:\/\/www.facebook.com\/residenciajoviar\/\" \/>\n<meta property=\"article:published_time\" content=\"2022-06-29T18:14:16+00:00\" \/>\n<meta property=\"article:modified_time\" content=\"2022-07-13T18:15:32+00:00\" \/>\n<meta property=\"og:image\" content=\"https:\/\/www.residenciajoviar.com\/wp-content\/uploads\/IMG-20220629-WA0023.jpg\" \/>\n\t<meta property=\"og:image:width\" content=\"1024\" \/>\n\t<meta property=\"og:image:height\" content=\"768\" \/>\n\t<meta property=\"og:image:type\" content=\"image\/jpeg\" \/>\n<meta name=\"author\" content=\"joviar\" \/>\n<meta name=\"twitter:card\" content=\"summary_large_image\" \/>\n<meta name=\"twitter:creator\" content=\"@JoviarLleida\" \/>\n<meta name=\"twitter:site\" content=\"@JoviarLleida\" \/>\n<meta name=\"twitter:label1\" content=\"Escrito por\" \/>\n\t<meta name=\"twitter:data1\" content=\"joviar\" \/>\n\t<meta name=\"twitter:label2\" content=\"Tiempo de lectura\" \/>\n\t<meta name=\"twitter:data2\" content=\"1 minuto\" \/>\n<script type=\"application\/ld+json\" class=\"yoast-schema-graph\">{\"@context\":\"https:\\\/\\\/schema.org\",\"@graph\":[{\"@type\":\"Article\",\"@id\":\"https:\\\/\\\/www.residenciajoviar.com\\\/dia-de-lorgull-lgtbi\\\/#article\",\"isPartOf\":{\"@id\":\"https:\\\/\\\/www.residenciajoviar.com\\\/dia-de-lorgull-lgtbi\\\/\"},\"author\":{\"name\":\"joviar\",\"@id\":\"https:\\\/\\\/www.residenciajoviar.com\\\/#\\\/schema\\\/person\\\/924a71fa2a3d57e4b46891a48f2d22a9\"},\"headline\":\"Dia de l&#8217;Orgull LGTBI+\",\"datePublished\":\"2022-06-29T18:14:16+00:00\",\"dateModified\":\"2022-07-13T18:15:32+00:00\",\"mainEntityOfPage\":{\"@id\":\"https:\\\/\\\/www.residenciajoviar.com\\\/dia-de-lorgull-lgtbi\\\/\"},\"wordCount\":30,\"image\":{\"@id\":\"https:\\\/\\\/www.residenciajoviar.com\\\/dia-de-lorgull-lgtbi\\\/#primaryimage\"},\"thumbnailUrl\":\"https:\\\/\\\/www.residenciajoviar.com\\\/wp-content\\\/uploads\\\/IMG-20220629-WA0023.jpg\",\"keywords\":[\"Dia Orgull\"],\"articleSection\":[\"Not\u00edcies\"],\"inLanguage\":\"es\"},{\"@type\":\"WebPage\",\"@id\":\"https:\\\/\\\/www.residenciajoviar.com\\\/dia-de-lorgull-lgtbi\\\/\",\"url\":\"https:\\\/\\\/www.residenciajoviar.com\\\/dia-de-lorgull-lgtbi\\\/\",\"name\":\"Dia de l'Orgull LGTBI+ - RESID\u00c8NCIA JOVIAR - Centre lliure de contencions\",\"isPartOf\":{\"@id\":\"https:\\\/\\\/www.residenciajoviar.com\\\/#website\"},\"primaryImageOfPage\":{\"@id\":\"https:\\\/\\\/www.residenciajoviar.com\\\/dia-de-lorgull-lgtbi\\\/#primaryimage\"},\"image\":{\"@id\":\"https:\\\/\\\/www.residenciajoviar.com\\\/dia-de-lorgull-lgtbi\\\/#primaryimage\"},\"thumbnailUrl\":\"https:\\\/\\\/www.residenciajoviar.com\\\/wp-content\\\/uploads\\\/IMG-20220629-WA0023.jpg\",\"datePublished\":\"2022-06-29T18:14:16+00:00\",\"dateModified\":\"2022-07-13T18:15:32+00:00\",\"author\":{\"@id\":\"https:\\\/\\\/www.residenciajoviar.com\\\/#\\\/schema\\\/person\\\/924a71fa2a3d57e4b46891a48f2d22a9\"},\"breadcrumb\":{\"@id\":\"https:\\\/\\\/www.residenciajoviar.com\\\/dia-de-lorgull-lgtbi\\\/#breadcrumb\"},\"inLanguage\":\"es\",\"potentialAction\":[{\"@type\":\"ReadAction\",\"target\":[\"https:\\\/\\\/www.residenciajoviar.com\\\/dia-de-lorgull-lgtbi\\\/\"]}]},{\"@type\":\"ImageObject\",\"inLanguage\":\"es\",\"@id\":\"https:\\\/\\\/www.residenciajoviar.com\\\/dia-de-lorgull-lgtbi\\\/#primaryimage\",\"url\":\"https:\\\/\\\/www.residenciajoviar.com\\\/wp-content\\\/uploads\\\/IMG-20220629-WA0023.jpg\",\"contentUrl\":\"https:\\\/\\\/www.residenciajoviar.com\\\/wp-content\\\/uploads\\\/IMG-20220629-WA0023.jpg\",\"width\":1024,\"height\":768},{\"@type\":\"BreadcrumbList\",\"@id\":\"https:\\\/\\\/www.residenciajoviar.com\\\/dia-de-lorgull-lgtbi\\\/#breadcrumb\",\"itemListElement\":[{\"@type\":\"ListItem\",\"position\":1,\"name\":\"Inici\",\"item\":\"https:\\\/\\\/www.residenciajoviar.com\\\/es\\\/\"},{\"@type\":\"ListItem\",\"position\":2,\"name\":\"Dia de l&#8217;Orgull LGTBI+\"}]},{\"@type\":\"WebSite\",\"@id\":\"https:\\\/\\\/www.residenciajoviar.com\\\/#website\",\"url\":\"https:\\\/\\\/www.residenciajoviar.com\\\/\",\"name\":\"RESID\u00c8NCIA JOVIAR - Centre lliure de contencions\",\"description\":\"Centre lliure de contencions\",\"potentialAction\":[{\"@type\":\"SearchAction\",\"target\":{\"@type\":\"EntryPoint\",\"urlTemplate\":\"https:\\\/\\\/www.residenciajoviar.com\\\/?s={search_term_string}\"},\"query-input\":{\"@type\":\"PropertyValueSpecification\",\"valueRequired\":true,\"valueName\":\"search_term_string\"}}],\"inLanguage\":\"es\"},{\"@type\":\"Person\",\"@id\":\"https:\\\/\\\/www.residenciajoviar.com\\\/#\\\/schema\\\/person\\\/924a71fa2a3d57e4b46891a48f2d22a9\",\"name\":\"joviar\",\"url\":\"https:\\\/\\\/www.residenciajoviar.com\\\/es\\\/author\\\/joviar\\\/\"}]}<\/script>\n<!-- \/ Yoast SEO plugin. -->","yoast_head_json":{"title":"Dia de l'Orgull LGTBI+ - RESID\u00c8NCIA JOVIAR - Centre lliure de contencions","robots":{"index":"index","follow":"follow","max-snippet":"max-snippet:-1","max-image-preview":"max-image-preview:large","max-video-preview":"max-video-preview:-1"},"canonical":"https:\/\/www.residenciajoviar.com\/dia-de-lorgull-lgtbi\/","og_locale":"es_ES","og_type":"article","og_title":"Dia de l'Orgull LGTBI+ - RESID\u00c8NCIA JOVIAR - Centre lliure de contencions","og_description":"Aquesta setmana hem celebrat el dia de l&#8217;orgull LGTBI+?\ufe0f\u200d??\ufe0f\u200d\u26a7\ufe0f, perqu\u00e8 a la resid\u00e8ncia Joviar considerem que l&#8217;amor \u00e9s independentment del g\u00e8nere.","og_url":"https:\/\/www.residenciajoviar.com\/dia-de-lorgull-lgtbi\/","og_site_name":"RESID\u00c8NCIA JOVIAR - Centre lliure de contencions","article_publisher":"https:\/\/www.facebook.com\/residenciajoviar\/","article_published_time":"2022-06-29T18:14:16+00:00","article_modified_time":"2022-07-13T18:15:32+00:00","og_image":[{"width":1024,"height":768,"url":"https:\/\/www.residenciajoviar.com\/wp-content\/uploads\/IMG-20220629-WA0023.jpg","type":"image\/jpeg"}],"author":"joviar","twitter_card":"summary_large_image","twitter_creator":"@JoviarLleida","twitter_site":"@JoviarLleida","twitter_misc":{"Escrito por":"joviar","Tiempo de lectura":"1 minuto"},"schema":{"@context":"https:\/\/schema.org","@graph":[{"@type":"Article","@id":"https:\/\/www.residenciajoviar.com\/dia-de-lorgull-lgtbi\/#article","isPartOf":{"@id":"https:\/\/www.residenciajoviar.com\/dia-de-lorgull-lgtbi\/"},"author":{"name":"joviar","@id":"https:\/\/www.residenciajoviar.com\/#\/schema\/person\/924a71fa2a3d57e4b46891a48f2d22a9"},"headline":"Dia de l&#8217;Orgull LGTBI+","datePublished":"2022-06-29T18:14:16+00:00","dateModified":"2022-07-13T18:15:32+00:00","mainEntityOfPage":{"@id":"https:\/\/www.residenciajoviar.com\/dia-de-lorgull-lgtbi\/"},"wordCount":30,"image":{"@id":"https:\/\/www.residenciajoviar.com\/dia-de-lorgull-lgtbi\/#primaryimage"},"thumbnailUrl":"https:\/\/www.residenciajoviar.com\/wp-content\/uploads\/IMG-20220629-WA0023.jpg","keywords":["Dia Orgull"],"articleSection":["Not\u00edcies"],"inLanguage":"es"},{"@type":"WebPage","@id":"https:\/\/www.residenciajoviar.com\/dia-de-lorgull-lgtbi\/","url":"https:\/\/www.residenciajoviar.com\/dia-de-lorgull-lgtbi\/","name":"Dia de l'Orgull LGTBI+ - RESID\u00c8NCIA JOVIAR - Centre lliure de contencions","isPartOf":{"@id":"https:\/\/www.residenciajoviar.com\/#website"},"primaryImageOfPage":{"@id":"https:\/\/www.residenciajoviar.com\/dia-de-lorgull-lgtbi\/#primaryimage"},"image":{"@id":"https:\/\/www.residenciajoviar.com\/dia-de-lorgull-lgtbi\/#primaryimage"},"thumbnailUrl":"https:\/\/www.residenciajoviar.com\/wp-content\/uploads\/IMG-20220629-WA0023.jpg","datePublished":"2022-06-29T18:14:16+00:00","dateModified":"2022-07-13T18:15:32+00:00","author":{"@id":"https:\/\/www.residenciajoviar.com\/#\/schema\/person\/924a71fa2a3d57e4b46891a48f2d22a9"},"breadcrumb":{"@id":"https:\/\/www.residenciajoviar.com\/dia-de-lorgull-lgtbi\/#breadcrumb"},"inLanguage":"es","potentialAction":[{"@type":"ReadAction","target":["https:\/\/www.residenciajoviar.com\/dia-de-lorgull-lgtbi\/"]}]},{"@type":"ImageObject","inLanguage":"es","@id":"https:\/\/www.residenciajoviar.com\/dia-de-lorgull-lgtbi\/#primaryimage","url":"https:\/\/www.residenciajoviar.com\/wp-content\/uploads\/IMG-20220629-WA0023.jpg","contentUrl":"https:\/\/www.residenciajoviar.com\/wp-content\/uploads\/IMG-20220629-WA0023.jpg","width":1024,"height":768},{"@type":"BreadcrumbList","@id":"https:\/\/www.residenciajoviar.com\/dia-de-lorgull-lgtbi\/#breadcrumb","itemListElement":[{"@type":"ListItem","position":1,"name":"Inici","item":"https:\/\/www.residenciajoviar.com\/es\/"},{"@type":"ListItem","position":2,"name":"Dia de l&#8217;Orgull LGTBI+"}]},{"@type":"WebSite","@id":"https:\/\/www.residenciajoviar.com\/#website","url":"https:\/\/www.residenciajoviar.com\/","name":"RESID\u00c8NCIA JOVIAR - Centre lliure de contencions","description":"Centre lliure de contencions","potentialAction":[{"@type":"SearchAction","target":{"@type":"EntryPoint","urlTemplate":"https:\/\/www.residenciajoviar.com\/?s={search_term_string}"},"query-input":{"@type":"PropertyValueSpecification","valueRequired":true,"valueName":"search_term_string"}}],"inLanguage":"es"},{"@type":"Person","@id":"https:\/\/www.residenciajoviar.com\/#\/schema\/person\/924a71fa2a3d57e4b46891a48f2d22a9","name":"joviar","url":"https:\/\/www.residenciajoviar.com\/es\/author\/joviar\/"}]}},"_links":{"self":[{"href":"https:\/\/www.residenciajoviar.com\/es\/wp-json\/wp\/v2\/posts\/2481","targetHints":{"allow":["GET"]}}],"collection":[{"href":"https:\/\/www.residenciajoviar.com\/es\/wp-json\/wp\/v2\/posts"}],"about":[{"href":"https:\/\/www.residenciajoviar.com\/es\/wp-json\/wp\/v2\/types\/post"}],"author":[{"embeddable":true,"href":"https:\/\/www.residenciajoviar.com\/es\/wp-json\/wp\/v2\/users\/2"}],"replies":[{"embeddable":true,"href":"https:\/\/www.residenciajoviar.com\/es\/wp-json\/wp\/v2\/comments?post=2481"}],"version-history":[{"count":0,"href":"https:\/\/www.residenciajoviar.com\/es\/wp-json\/wp\/v2\/posts\/2481\/revisions"}],"wp:featuredmedia":[{"embeddable":true,"href":"https:\/\/www.residenciajoviar.com\/es\/wp-json\/wp\/v2\/media\/2482"}],"wp:attachment":[{"href":"https:\/\/www.residenciajoviar.com\/es\/wp-json\/wp\/v2\/media?parent=2481"}],"wp:term":[{"taxonomy":"category","embeddable":true,"href":"https:\/\/www.residenciajoviar.com\/es\/wp-json\/wp\/v2\/categories?post=2481"},{"taxonomy":"post_tag","embeddable":true,"href":"https:\/\/www.residenciajoviar.com\/es\/wp-json\/wp\/v2\/tags?post=2481"}],"curies":[{"name":"wp","href":"https:\/\/api.w.org\/{rel}","templated":true}]}}