{"id":3026,"date":"2024-03-21T10:10:00","date_gmt":"2024-03-21T09:10:00","guid":{"rendered":"https:\/\/www.residenciajoviar.com\/?p=3026"},"modified":"2025-02-06T10:57:49","modified_gmt":"2025-02-06T09:57:49","slug":"meri-aixo-es-per-tu","status":"publish","type":"post","link":"https:\/\/www.residenciajoviar.com\/es\/meri-aixo-es-per-tu\/","title":{"rendered":"Meri, aix\u00f2 \u00e9s per tu!"},"content":{"rendered":"\n<p>Avui celebrem el Dia de la S\u00edndrome de Down amb una mirada especial cap a la diversitat i la inclusi\u00f3. Des de la Resid\u00e8ncia Joviar, tenim el plaer de compartir el nostre dia a dia amb la Meri! Ella \u00e9s, si m\u00e9s no, una part essencial del nostre equip. Amb un somriure radiant i una passi\u00f3 per la cura dels altres, la Meri ens demostra cada dia que les capacitats no estan limitades per cap condici\u00f3 gen\u00e8tica.<\/p>\n\n\n\n<p>Ella \u00e9s un exemple viu de com la inclusi\u00f3 pot enriquir les nostres vides i les comunitats. Amb la seva dedicaci\u00f3 i professionalisme, inspira a tots els qui la coneixen a treballar junts per crear un m\u00f3n m\u00e9s acollidor i just per a tothom. <\/p>\n\n\n\n<p>Avui, celebrem la Meri i tots els que, com ella, ens recorden que la diversitat \u00e9s una font de for\u00e7a i que cada individu t\u00e9 un paper valu\u00f3s en la nostra societat. Continuarem treballant per un futur on cadasc\u00fa tingui l&#8217;oportunitat de brillar i contribuir amb el seu propi talent i dedicaci\u00f3.<\/p>\n\n\n\n<p>Gr\u00e0cies, Meri. Pel teu comprom\u00eds i dedicaci\u00f3. Per brindar-nos l&#8217;oportunitat de compartir amb tu, tants moments! Ets i sempre ser\u00e0s una persona essencial pel nostre equip!<\/p>\n\n\n\n<figure class=\"wp-block-gallery has-nested-images columns-default is-cropped wp-block-gallery-1 is-layout-flex wp-block-gallery-is-layout-flex\">\n<figure class=\"wp-block-image size-large\"><img loading=\"lazy\" decoding=\"async\" width=\"1024\" height=\"819\" data-id=\"3031\" src=\"https:\/\/www.residenciajoviar.com\/wp-content\/uploads\/Captura-de-pantalla-2024-12-09-a-las-16.15.40-1024x819.png\" alt=\"\" class=\"wp-image-3031\" srcset=\"https:\/\/www.residenciajoviar.com\/wp-content\/uploads\/Captura-de-pantalla-2024-12-09-a-las-16.15.40-980x783.png 980w, https:\/\/www.residenciajoviar.com\/wp-content\/uploads\/Captura-de-pantalla-2024-12-09-a-las-16.15.40-480x384.png 480w\" sizes=\"(min-width: 0px) and (max-width: 480px) 480px, (min-width: 481px) and (max-width: 980px) 980px, (min-width: 981px) 1024px, 100vw\" \/><\/figure>\n\n\n\n<figure class=\"wp-block-image size-large\"><img loading=\"lazy\" decoding=\"async\" width=\"1024\" height=\"864\" data-id=\"3029\" src=\"https:\/\/www.residenciajoviar.com\/wp-content\/uploads\/Captura-de-pantalla-2024-12-09-a-las-16.15.30-1024x864.png\" alt=\"\" class=\"wp-image-3029\" srcset=\"https:\/\/www.residenciajoviar.com\/wp-content\/uploads\/Captura-de-pantalla-2024-12-09-a-las-16.15.30-980x827.png 980w, https:\/\/www.residenciajoviar.com\/wp-content\/uploads\/Captura-de-pantalla-2024-12-09-a-las-16.15.30-480x405.png 480w\" sizes=\"(min-width: 0px) and (max-width: 480px) 480px, (min-width: 481px) and (max-width: 980px) 980px, (min-width: 981px) 1024px, 100vw\" \/><\/figure>\n<\/figure>\n","protected":false},"excerpt":{"rendered":"<p>Avui celebrem el Dia de la S\u00edndrome de Down amb una mirada especial cap a la diversitat i la inclusi\u00f3. Des de la Resid\u00e8ncia Joviar, tenim el plaer de compartir el nostre dia a dia amb la Meri! Ella \u00e9s, si m\u00e9s no, una part essencial del nostre equip. Amb un somriure radiant i una [&hellip;]<\/p>\n","protected":false},"author":2,"featured_media":3027,"comment_status":"closed","ping_status":"closed","sticky":false,"template":"","format":"standard","meta":{"_acf_changed":false,"_et_pb_use_builder":"off","_et_pb_old_content":"","_et_gb_content_width":"","footnotes":""},"categories":[4],"tags":[],"class_list":["post-3026","post","type-post","status-publish","format-standard","has-post-thumbnail","hentry","category-noticies"],"acf":[],"yoast_head":"<!-- This site is optimized with the Yoast SEO plugin v27.5 - https:\/\/yoast.com\/product\/yoast-seo-wordpress\/ -->\n<title>Meri, aix\u00f2 \u00e9s per tu! - RESID\u00c8NCIA JOVIAR - Centre lliure de contencions<\/title>\n<meta name=\"robots\" content=\"index, follow, max-snippet:-1, max-image-preview:large, max-video-preview:-1\" \/>\n<link rel=\"canonical\" href=\"https:\/\/www.residenciajoviar.com\/meri-aixo-es-per-tu\/\" \/>\n<meta property=\"og:locale\" content=\"es_ES\" \/>\n<meta property=\"og:type\" content=\"article\" \/>\n<meta property=\"og:title\" content=\"Meri, aix\u00f2 \u00e9s per tu! - RESID\u00c8NCIA JOVIAR - Centre lliure de contencions\" \/>\n<meta property=\"og:description\" content=\"Avui celebrem el Dia de la S\u00edndrome de Down amb una mirada especial cap a la diversitat i la inclusi\u00f3. Des de la Resid\u00e8ncia Joviar, tenim el plaer de compartir el nostre dia a dia amb la Meri! Ella \u00e9s, si m\u00e9s no, una part essencial del nostre equip. Amb un somriure radiant i una [&hellip;]\" \/>\n<meta property=\"og:url\" content=\"https:\/\/www.residenciajoviar.com\/meri-aixo-es-per-tu\/\" \/>\n<meta property=\"og:site_name\" content=\"RESID\u00c8NCIA JOVIAR - Centre lliure de contencions\" \/>\n<meta property=\"article:publisher\" content=\"https:\/\/www.facebook.com\/residenciajoviar\/\" \/>\n<meta property=\"article:published_time\" content=\"2024-03-21T09:10:00+00:00\" \/>\n<meta property=\"article:modified_time\" content=\"2025-02-06T09:57:49+00:00\" \/>\n<meta property=\"og:image\" content=\"https:\/\/www.residenciajoviar.com\/wp-content\/uploads\/Captura-de-pantalla-2024-12-09-a-las-16.14.19.png\" \/>\n\t<meta property=\"og:image:width\" content=\"1212\" \/>\n\t<meta property=\"og:image:height\" content=\"1124\" \/>\n\t<meta property=\"og:image:type\" content=\"image\/png\" \/>\n<meta name=\"author\" content=\"joviar\" \/>\n<meta name=\"twitter:card\" content=\"summary_large_image\" \/>\n<meta name=\"twitter:creator\" content=\"@JoviarLleida\" \/>\n<meta name=\"twitter:site\" content=\"@JoviarLleida\" \/>\n<meta name=\"twitter:label1\" content=\"Escrito por\" \/>\n\t<meta name=\"twitter:data1\" content=\"joviar\" \/>\n\t<meta name=\"twitter:label2\" content=\"Tiempo de lectura\" \/>\n\t<meta name=\"twitter:data2\" content=\"2 minutos\" \/>\n<script type=\"application\/ld+json\" class=\"yoast-schema-graph\">{\"@context\":\"https:\\\/\\\/schema.org\",\"@graph\":[{\"@type\":\"Article\",\"@id\":\"https:\\\/\\\/www.residenciajoviar.com\\\/meri-aixo-es-per-tu\\\/#article\",\"isPartOf\":{\"@id\":\"https:\\\/\\\/www.residenciajoviar.com\\\/meri-aixo-es-per-tu\\\/\"},\"author\":{\"name\":\"joviar\",\"@id\":\"https:\\\/\\\/www.residenciajoviar.com\\\/#\\\/schema\\\/person\\\/924a71fa2a3d57e4b46891a48f2d22a9\"},\"headline\":\"Meri, aix\u00f2 \u00e9s per tu!\",\"datePublished\":\"2024-03-21T09:10:00+00:00\",\"dateModified\":\"2025-02-06T09:57:49+00:00\",\"mainEntityOfPage\":{\"@id\":\"https:\\\/\\\/www.residenciajoviar.com\\\/meri-aixo-es-per-tu\\\/\"},\"wordCount\":217,\"image\":{\"@id\":\"https:\\\/\\\/www.residenciajoviar.com\\\/meri-aixo-es-per-tu\\\/#primaryimage\"},\"thumbnailUrl\":\"https:\\\/\\\/www.residenciajoviar.com\\\/wp-content\\\/uploads\\\/Captura-de-pantalla-2024-12-09-a-las-16.14.19.png\",\"articleSection\":[\"Not\u00edcies\"],\"inLanguage\":\"es\"},{\"@type\":\"WebPage\",\"@id\":\"https:\\\/\\\/www.residenciajoviar.com\\\/meri-aixo-es-per-tu\\\/\",\"url\":\"https:\\\/\\\/www.residenciajoviar.com\\\/meri-aixo-es-per-tu\\\/\",\"name\":\"Meri, aix\u00f2 \u00e9s per tu! - RESID\u00c8NCIA JOVIAR - Centre lliure de contencions\",\"isPartOf\":{\"@id\":\"https:\\\/\\\/www.residenciajoviar.com\\\/#website\"},\"primaryImageOfPage\":{\"@id\":\"https:\\\/\\\/www.residenciajoviar.com\\\/meri-aixo-es-per-tu\\\/#primaryimage\"},\"image\":{\"@id\":\"https:\\\/\\\/www.residenciajoviar.com\\\/meri-aixo-es-per-tu\\\/#primaryimage\"},\"thumbnailUrl\":\"https:\\\/\\\/www.residenciajoviar.com\\\/wp-content\\\/uploads\\\/Captura-de-pantalla-2024-12-09-a-las-16.14.19.png\",\"datePublished\":\"2024-03-21T09:10:00+00:00\",\"dateModified\":\"2025-02-06T09:57:49+00:00\",\"author\":{\"@id\":\"https:\\\/\\\/www.residenciajoviar.com\\\/#\\\/schema\\\/person\\\/924a71fa2a3d57e4b46891a48f2d22a9\"},\"breadcrumb\":{\"@id\":\"https:\\\/\\\/www.residenciajoviar.com\\\/meri-aixo-es-per-tu\\\/#breadcrumb\"},\"inLanguage\":\"es\",\"potentialAction\":[{\"@type\":\"ReadAction\",\"target\":[\"https:\\\/\\\/www.residenciajoviar.com\\\/meri-aixo-es-per-tu\\\/\"]}]},{\"@type\":\"ImageObject\",\"inLanguage\":\"es\",\"@id\":\"https:\\\/\\\/www.residenciajoviar.com\\\/meri-aixo-es-per-tu\\\/#primaryimage\",\"url\":\"https:\\\/\\\/www.residenciajoviar.com\\\/wp-content\\\/uploads\\\/Captura-de-pantalla-2024-12-09-a-las-16.14.19.png\",\"contentUrl\":\"https:\\\/\\\/www.residenciajoviar.com\\\/wp-content\\\/uploads\\\/Captura-de-pantalla-2024-12-09-a-las-16.14.19.png\",\"width\":1212,\"height\":1124},{\"@type\":\"BreadcrumbList\",\"@id\":\"https:\\\/\\\/www.residenciajoviar.com\\\/meri-aixo-es-per-tu\\\/#breadcrumb\",\"itemListElement\":[{\"@type\":\"ListItem\",\"position\":1,\"name\":\"Inici\",\"item\":\"https:\\\/\\\/www.residenciajoviar.com\\\/es\\\/\"},{\"@type\":\"ListItem\",\"position\":2,\"name\":\"Meri, aix\u00f2 \u00e9s per tu!\"}]},{\"@type\":\"WebSite\",\"@id\":\"https:\\\/\\\/www.residenciajoviar.com\\\/#website\",\"url\":\"https:\\\/\\\/www.residenciajoviar.com\\\/\",\"name\":\"RESID\u00c8NCIA JOVIAR - Centre lliure de contencions\",\"description\":\"Centre lliure de contencions\",\"potentialAction\":[{\"@type\":\"SearchAction\",\"target\":{\"@type\":\"EntryPoint\",\"urlTemplate\":\"https:\\\/\\\/www.residenciajoviar.com\\\/?s={search_term_string}\"},\"query-input\":{\"@type\":\"PropertyValueSpecification\",\"valueRequired\":true,\"valueName\":\"search_term_string\"}}],\"inLanguage\":\"es\"},{\"@type\":\"Person\",\"@id\":\"https:\\\/\\\/www.residenciajoviar.com\\\/#\\\/schema\\\/person\\\/924a71fa2a3d57e4b46891a48f2d22a9\",\"name\":\"joviar\",\"url\":\"https:\\\/\\\/www.residenciajoviar.com\\\/es\\\/author\\\/joviar\\\/\"}]}<\/script>\n<!-- \/ Yoast SEO plugin. -->","yoast_head_json":{"title":"Meri, aix\u00f2 \u00e9s per tu! - RESID\u00c8NCIA JOVIAR - Centre lliure de contencions","robots":{"index":"index","follow":"follow","max-snippet":"max-snippet:-1","max-image-preview":"max-image-preview:large","max-video-preview":"max-video-preview:-1"},"canonical":"https:\/\/www.residenciajoviar.com\/meri-aixo-es-per-tu\/","og_locale":"es_ES","og_type":"article","og_title":"Meri, aix\u00f2 \u00e9s per tu! - RESID\u00c8NCIA JOVIAR - Centre lliure de contencions","og_description":"Avui celebrem el Dia de la S\u00edndrome de Down amb una mirada especial cap a la diversitat i la inclusi\u00f3. Des de la Resid\u00e8ncia Joviar, tenim el plaer de compartir el nostre dia a dia amb la Meri! Ella \u00e9s, si m\u00e9s no, una part essencial del nostre equip. Amb un somriure radiant i una [&hellip;]","og_url":"https:\/\/www.residenciajoviar.com\/meri-aixo-es-per-tu\/","og_site_name":"RESID\u00c8NCIA JOVIAR - Centre lliure de contencions","article_publisher":"https:\/\/www.facebook.com\/residenciajoviar\/","article_published_time":"2024-03-21T09:10:00+00:00","article_modified_time":"2025-02-06T09:57:49+00:00","og_image":[{"width":1212,"height":1124,"url":"https:\/\/www.residenciajoviar.com\/wp-content\/uploads\/Captura-de-pantalla-2024-12-09-a-las-16.14.19.png","type":"image\/png"}],"author":"joviar","twitter_card":"summary_large_image","twitter_creator":"@JoviarLleida","twitter_site":"@JoviarLleida","twitter_misc":{"Escrito por":"joviar","Tiempo de lectura":"2 minutos"},"schema":{"@context":"https:\/\/schema.org","@graph":[{"@type":"Article","@id":"https:\/\/www.residenciajoviar.com\/meri-aixo-es-per-tu\/#article","isPartOf":{"@id":"https:\/\/www.residenciajoviar.com\/meri-aixo-es-per-tu\/"},"author":{"name":"joviar","@id":"https:\/\/www.residenciajoviar.com\/#\/schema\/person\/924a71fa2a3d57e4b46891a48f2d22a9"},"headline":"Meri, aix\u00f2 \u00e9s per tu!","datePublished":"2024-03-21T09:10:00+00:00","dateModified":"2025-02-06T09:57:49+00:00","mainEntityOfPage":{"@id":"https:\/\/www.residenciajoviar.com\/meri-aixo-es-per-tu\/"},"wordCount":217,"image":{"@id":"https:\/\/www.residenciajoviar.com\/meri-aixo-es-per-tu\/#primaryimage"},"thumbnailUrl":"https:\/\/www.residenciajoviar.com\/wp-content\/uploads\/Captura-de-pantalla-2024-12-09-a-las-16.14.19.png","articleSection":["Not\u00edcies"],"inLanguage":"es"},{"@type":"WebPage","@id":"https:\/\/www.residenciajoviar.com\/meri-aixo-es-per-tu\/","url":"https:\/\/www.residenciajoviar.com\/meri-aixo-es-per-tu\/","name":"Meri, aix\u00f2 \u00e9s per tu! - RESID\u00c8NCIA JOVIAR - Centre lliure de contencions","isPartOf":{"@id":"https:\/\/www.residenciajoviar.com\/#website"},"primaryImageOfPage":{"@id":"https:\/\/www.residenciajoviar.com\/meri-aixo-es-per-tu\/#primaryimage"},"image":{"@id":"https:\/\/www.residenciajoviar.com\/meri-aixo-es-per-tu\/#primaryimage"},"thumbnailUrl":"https:\/\/www.residenciajoviar.com\/wp-content\/uploads\/Captura-de-pantalla-2024-12-09-a-las-16.14.19.png","datePublished":"2024-03-21T09:10:00+00:00","dateModified":"2025-02-06T09:57:49+00:00","author":{"@id":"https:\/\/www.residenciajoviar.com\/#\/schema\/person\/924a71fa2a3d57e4b46891a48f2d22a9"},"breadcrumb":{"@id":"https:\/\/www.residenciajoviar.com\/meri-aixo-es-per-tu\/#breadcrumb"},"inLanguage":"es","potentialAction":[{"@type":"ReadAction","target":["https:\/\/www.residenciajoviar.com\/meri-aixo-es-per-tu\/"]}]},{"@type":"ImageObject","inLanguage":"es","@id":"https:\/\/www.residenciajoviar.com\/meri-aixo-es-per-tu\/#primaryimage","url":"https:\/\/www.residenciajoviar.com\/wp-content\/uploads\/Captura-de-pantalla-2024-12-09-a-las-16.14.19.png","contentUrl":"https:\/\/www.residenciajoviar.com\/wp-content\/uploads\/Captura-de-pantalla-2024-12-09-a-las-16.14.19.png","width":1212,"height":1124},{"@type":"BreadcrumbList","@id":"https:\/\/www.residenciajoviar.com\/meri-aixo-es-per-tu\/#breadcrumb","itemListElement":[{"@type":"ListItem","position":1,"name":"Inici","item":"https:\/\/www.residenciajoviar.com\/es\/"},{"@type":"ListItem","position":2,"name":"Meri, aix\u00f2 \u00e9s per tu!"}]},{"@type":"WebSite","@id":"https:\/\/www.residenciajoviar.com\/#website","url":"https:\/\/www.residenciajoviar.com\/","name":"RESID\u00c8NCIA JOVIAR - Centre lliure de contencions","description":"Centre lliure de contencions","potentialAction":[{"@type":"SearchAction","target":{"@type":"EntryPoint","urlTemplate":"https:\/\/www.residenciajoviar.com\/?s={search_term_string}"},"query-input":{"@type":"PropertyValueSpecification","valueRequired":true,"valueName":"search_term_string"}}],"inLanguage":"es"},{"@type":"Person","@id":"https:\/\/www.residenciajoviar.com\/#\/schema\/person\/924a71fa2a3d57e4b46891a48f2d22a9","name":"joviar","url":"https:\/\/www.residenciajoviar.com\/es\/author\/joviar\/"}]}},"_links":{"self":[{"href":"https:\/\/www.residenciajoviar.com\/es\/wp-json\/wp\/v2\/posts\/3026","targetHints":{"allow":["GET"]}}],"collection":[{"href":"https:\/\/www.residenciajoviar.com\/es\/wp-json\/wp\/v2\/posts"}],"about":[{"href":"https:\/\/www.residenciajoviar.com\/es\/wp-json\/wp\/v2\/types\/post"}],"author":[{"embeddable":true,"href":"https:\/\/www.residenciajoviar.com\/es\/wp-json\/wp\/v2\/users\/2"}],"replies":[{"embeddable":true,"href":"https:\/\/www.residenciajoviar.com\/es\/wp-json\/wp\/v2\/comments?post=3026"}],"version-history":[{"count":0,"href":"https:\/\/www.residenciajoviar.com\/es\/wp-json\/wp\/v2\/posts\/3026\/revisions"}],"wp:featuredmedia":[{"embeddable":true,"href":"https:\/\/www.residenciajoviar.com\/es\/wp-json\/wp\/v2\/media\/3027"}],"wp:attachment":[{"href":"https:\/\/www.residenciajoviar.com\/es\/wp-json\/wp\/v2\/media?parent=3026"}],"wp:term":[{"taxonomy":"category","embeddable":true,"href":"https:\/\/www.residenciajoviar.com\/es\/wp-json\/wp\/v2\/categories?post=3026"},{"taxonomy":"post_tag","embeddable":true,"href":"https:\/\/www.residenciajoviar.com\/es\/wp-json\/wp\/v2\/tags?post=3026"}],"curies":[{"name":"wp","href":"https:\/\/api.w.org\/{rel}","templated":true}]}}